{"id":10003,"date":"2020-10-26T09:57:53","date_gmt":"2020-10-26T15:57:53","guid":{"rendered":"https:\/\/gobernacionaltaverapaz.gob.gt\/?p=10003"},"modified":"2020-11-03T16:14:39","modified_gmt":"2020-11-03T22:14:39","slug":"inauguracin-del-seminario-de-medios-alternativos-de-resolucin-de-conflictos","status":"publish","type":"post","link":"https:\/\/gobernacionaltaverapaz.gob.gt\/?p=10003","title":{"rendered":"Inauguraci\u00f3n del \u201cSeminario de Medios Alternativos de Resoluci\u00f3n de Conflictos\u201d"},"content":{"rendered":"<p style=\"text-align: justify;\">El 26OCT2020 en las instalaciones del CREOMPAZ, se llev\u00f3 a cabo la inauguraci\u00f3n del \u201cSeminario de Medios Alternativos de Resoluci\u00f3n de Conflictos\u201d como uno de los Objetivos Estrat\u00e9gicos de la Jefatura del Estado Mayor de la Defensa Nacional, para Oficiales de diferentes Brigadas y Comandos del Ej\u00e9rcito de Guatemala, con el apoyo de Gobernaci\u00f3n Departamental de Alta Verapaz, Consejo Departamental de Desarrollo de Alta Verapaz, Comisi\u00f3n Agraria Departamental y Comisi\u00f3n Presidencial de Di\u00e1logo de Alta y Baja Verapaz.<\/p>\n<p>&nbsp;<\/p>\n<div>\n<div><\/div>\n<\/div>\n<p>&nbsp;<\/p>\n<p>&nbsp;<\/p>\n","protected":false},"excerpt":{"rendered":"<p>El 26OCT2020 en las instalaciones del CREOMPAZ, se llev\u00f3 a cabo la inauguraci\u00f3n del \u201cSeminario de Medios Alternativos de Resoluci\u00f3n de Conflictos\u201d como uno de los Objetivos Estrat\u00e9gicos de la Jefatura del Estado Mayor de la Defensa Nacional, para Oficiales de diferentes Brigadas y Comandos del Ej\u00e9rcito de Guatemala, con el apoyo de Gobernaci\u00f3n Departamental [&hellip;]<\/p>\n","protected":false},"author":1,"featured_media":9996,"comment_status":"closed","ping_status":"open","sticky":false,"template":"","format":"gallery","meta":[],"categories":[183],"tags":[178],"_links":{"self":[{"href":"https:\/\/gobernacionaltaverapaz.gob.gt\/index.php?rest_route=\/wp\/v2\/posts\/10003"}],"collection":[{"href":"https:\/\/gobernacionaltaverapaz.gob.gt\/index.php?rest_route=\/wp\/v2\/posts"}],"about":[{"href":"https:\/\/gobernacionaltaverapaz.gob.gt\/index.php?rest_route=\/wp\/v2\/types\/post"}],"author":[{"embeddable":true,"href":"https:\/\/gobernacionaltaverapaz.gob.gt\/index.php?rest_route=\/wp\/v2\/users\/1"}],"replies":[{"embeddable":true,"href":"https:\/\/gobernacionaltaverapaz.gob.gt\/index.php?rest_route=%2Fwp%2Fv2%2Fcomments&post=10003"}],"version-history":[{"count":2,"href":"https:\/\/gobernacionaltaverapaz.gob.gt\/index.php?rest_route=\/wp\/v2\/posts\/10003\/revisions"}],"predecessor-version":[{"id":10005,"href":"https:\/\/gobernacionaltaverapaz.gob.gt\/index.php?rest_route=\/wp\/v2\/posts\/10003\/revisions\/10005"}],"wp:featuredmedia":[{"embeddable":true,"href":"https:\/\/gobernacionaltaverapaz.gob.gt\/index.php?rest_route=\/wp\/v2\/media\/9996"}],"wp:attachment":[{"href":"https:\/\/gobernacionaltaverapaz.gob.gt\/index.php?rest_route=%2Fwp%2Fv2%2Fmedia&parent=10003"}],"wp:term":[{"taxonomy":"category","embeddable":true,"href":"https:\/\/gobernacionaltaverapaz.gob.gt\/index.php?rest_route=%2Fwp%2Fv2%2Fcategories&post=10003"},{"taxonomy":"post_tag","embeddable":true,"href":"https:\/\/gobernacionaltaverapaz.gob.gt\/index.php?rest_route=%2Fwp%2Fv2%2Ftags&post=10003"}],"curies":[{"name":"wp","href":"https:\/\/api.w.org\/{rel}","templated":true}]}}