{"id":10102,"date":"2020-10-22T18:31:57","date_gmt":"2020-10-23T00:31:57","guid":{"rendered":"https:\/\/gobernacionaltaverapaz.gob.gt\/?p=10102"},"modified":"2020-11-06T13:02:43","modified_gmt":"2020-11-06T19:02:43","slug":"reunin-ordinaria-de-comarn-2","status":"publish","type":"post","link":"https:\/\/gobernacionaltaverapaz.gob.gt\/?p=10102","title":{"rendered":"Reuni\u00f3n ordinaria de COMARN"},"content":{"rendered":"<p style=\"text-align: justify;\">Gobernador Departamental, Ing. Romel Veliz Castro particip\u00f3 en la reuni\u00f3n ordinaria de la Comisi\u00f3n de Ambiente y Recursos Naturales -COMARN-, donde enfatiz\u00f3 su apoyo a promover las condiciones del manejo integral y sostenible de los recursos naturales.<\/p>\n<p style=\"text-align: justify;\">Durante la reuni\u00f3n se conocieron varios temas, como los avances de educaci\u00f3n Ambiental 2,020 de la plataforma BIAWEB, clausura del Curso Virtual GESTI\u00d3N AMBIENTAL, acciones ambientales y de recursos Naturales 2020 en el Municipio de San Crist\u00f3bal Verapaz, por el grupo Ambientalista y Gobernanza Kaq\u00b4 Koj, entre otros temas de importancia.<\/p>\n<p>&nbsp;<\/p>\n<div>\n<div><\/div>\n<\/div>\n<p>&nbsp;<\/p>\n<p>&nbsp;<\/p>\n<div><\/div>\n<p>&nbsp;<\/p>\n<p>&nbsp;<\/p>\n","protected":false},"excerpt":{"rendered":"<p>Gobernador Departamental, Ing. Romel Veliz Castro particip\u00f3 en la reuni\u00f3n ordinaria de la Comisi\u00f3n de Ambiente y Recursos Naturales -COMARN-, donde enfatiz\u00f3 su apoyo a promover las condiciones del manejo integral y sostenible de los recursos naturales. Durante la reuni\u00f3n se conocieron varios temas, como los avances de educaci\u00f3n Ambiental 2,020 de la plataforma BIAWEB, [&hellip;]<\/p>\n","protected":false},"author":1,"featured_media":10091,"comment_status":"closed","ping_status":"open","sticky":false,"template":"","format":"gallery","meta":[],"categories":[194],"tags":[178],"_links":{"self":[{"href":"https:\/\/gobernacionaltaverapaz.gob.gt\/index.php?rest_route=\/wp\/v2\/posts\/10102"}],"collection":[{"href":"https:\/\/gobernacionaltaverapaz.gob.gt\/index.php?rest_route=\/wp\/v2\/posts"}],"about":[{"href":"https:\/\/gobernacionaltaverapaz.gob.gt\/index.php?rest_route=\/wp\/v2\/types\/post"}],"author":[{"embeddable":true,"href":"https:\/\/gobernacionaltaverapaz.gob.gt\/index.php?rest_route=\/wp\/v2\/users\/1"}],"replies":[{"embeddable":true,"href":"https:\/\/gobernacionaltaverapaz.gob.gt\/index.php?rest_route=%2Fwp%2Fv2%2Fcomments&post=10102"}],"version-history":[{"count":6,"href":"https:\/\/gobernacionaltaverapaz.gob.gt\/index.php?rest_route=\/wp\/v2\/posts\/10102\/revisions"}],"predecessor-version":[{"id":10117,"href":"https:\/\/gobernacionaltaverapaz.gob.gt\/index.php?rest_route=\/wp\/v2\/posts\/10102\/revisions\/10117"}],"wp:featuredmedia":[{"embeddable":true,"href":"https:\/\/gobernacionaltaverapaz.gob.gt\/index.php?rest_route=\/wp\/v2\/media\/10091"}],"wp:attachment":[{"href":"https:\/\/gobernacionaltaverapaz.gob.gt\/index.php?rest_route=%2Fwp%2Fv2%2Fmedia&parent=10102"}],"wp:term":[{"taxonomy":"category","embeddable":true,"href":"https:\/\/gobernacionaltaverapaz.gob.gt\/index.php?rest_route=%2Fwp%2Fv2%2Fcategories&post=10102"},{"taxonomy":"post_tag","embeddable":true,"href":"https:\/\/gobernacionaltaverapaz.gob.gt\/index.php?rest_route=%2Fwp%2Fv2%2Ftags&post=10102"}],"curies":[{"name":"wp","href":"https:\/\/api.w.org\/{rel}","templated":true}]}}