{"id":10139,"date":"2020-11-08T11:26:50","date_gmt":"2020-11-08T17:26:50","guid":{"rendered":"https:\/\/gobernacionaltaverapaz.gob.gt\/?p=10139"},"modified":"2020-11-09T10:42:38","modified_gmt":"2020-11-09T16:42:38","slug":"se-inici-con-la-entrega-de-alimentos-en-el-rea-de-raxpec-de-san-pedro-carcha","status":"publish","type":"post","link":"https:\/\/gobernacionaltaverapaz.gob.gt\/?p=10139","title":{"rendered":"Se inici\u00f3 con la entrega de alimentos en el \u00c1rea de Raxpec de San Pedro Carcha"},"content":{"rendered":"<p style=\"text-align: justify;\">En virtud que el d\u00eda de ayer el clima permitio el inicio del ingreso de ayuda al Departamento, inmediatamente por la tarde se inici\u00f3 con la entrega de alimentos, continuando el d\u00eda hoy por la ma\u00f1ana en el \u00c1rea de Raxpec de San Pedro Carcha.<\/p>\n<p style=\"text-align: justify;\">Somos conscientes que los da\u00f1os son incalculables por lo cual la entrega estar\u00e1 llegando su destino a manera que vayamos avanzando.<\/p>\n<p>&nbsp;<\/p>\n<div><\/div>\n","protected":false},"excerpt":{"rendered":"<p>En virtud que el d\u00eda de ayer el clima permitio el inicio del ingreso de ayuda al Departamento, inmediatamente por la tarde se inici\u00f3 con la entrega de alimentos, continuando el d\u00eda hoy por la ma\u00f1ana en el \u00c1rea de Raxpec de San Pedro Carcha. Somos conscientes que los da\u00f1os son incalculables por lo cual [&hellip;]<\/p>\n","protected":false},"author":1,"featured_media":10128,"comment_status":"closed","ping_status":"open","sticky":false,"template":"","format":"gallery","meta":[],"categories":[182],"tags":[178],"_links":{"self":[{"href":"https:\/\/gobernacionaltaverapaz.gob.gt\/index.php?rest_route=\/wp\/v2\/posts\/10139"}],"collection":[{"href":"https:\/\/gobernacionaltaverapaz.gob.gt\/index.php?rest_route=\/wp\/v2\/posts"}],"about":[{"href":"https:\/\/gobernacionaltaverapaz.gob.gt\/index.php?rest_route=\/wp\/v2\/types\/post"}],"author":[{"embeddable":true,"href":"https:\/\/gobernacionaltaverapaz.gob.gt\/index.php?rest_route=\/wp\/v2\/users\/1"}],"replies":[{"embeddable":true,"href":"https:\/\/gobernacionaltaverapaz.gob.gt\/index.php?rest_route=%2Fwp%2Fv2%2Fcomments&post=10139"}],"version-history":[{"count":1,"href":"https:\/\/gobernacionaltaverapaz.gob.gt\/index.php?rest_route=\/wp\/v2\/posts\/10139\/revisions"}],"predecessor-version":[{"id":10140,"href":"https:\/\/gobernacionaltaverapaz.gob.gt\/index.php?rest_route=\/wp\/v2\/posts\/10139\/revisions\/10140"}],"wp:featuredmedia":[{"embeddable":true,"href":"https:\/\/gobernacionaltaverapaz.gob.gt\/index.php?rest_route=\/wp\/v2\/media\/10128"}],"wp:attachment":[{"href":"https:\/\/gobernacionaltaverapaz.gob.gt\/index.php?rest_route=%2Fwp%2Fv2%2Fmedia&parent=10139"}],"wp:term":[{"taxonomy":"category","embeddable":true,"href":"https:\/\/gobernacionaltaverapaz.gob.gt\/index.php?rest_route=%2Fwp%2Fv2%2Fcategories&post=10139"},{"taxonomy":"post_tag","embeddable":true,"href":"https:\/\/gobernacionaltaverapaz.gob.gt\/index.php?rest_route=%2Fwp%2Fv2%2Ftags&post=10139"}],"curies":[{"name":"wp","href":"https:\/\/api.w.org\/{rel}","templated":true}]}}