{"id":10144,"date":"2020-11-07T22:04:32","date_gmt":"2020-11-08T04:04:32","guid":{"rendered":"https:\/\/gobernacionaltaverapaz.gob.gt\/?p=10144"},"modified":"2020-11-09T11:21:15","modified_gmt":"2020-11-09T17:21:15","slug":"se-finaliz-reparacin-del-puente-cahaboncito","status":"publish","type":"post","link":"https:\/\/gobernacionaltaverapaz.gob.gt\/?p=10144","title":{"rendered":"Se finaliz\u00f3 reparaci\u00f3n  del Puente Cahaboncito"},"content":{"rendered":"<p style=\"text-align: justify;\">Como parte de la coordinaci\u00f3n interinstitucional, la Brigada de Artiller\u00eda de Campa\u00f1a &#8220;Santa Barbara&#8221; y la Empresa MAYANIQUEL, 07 NOV 21:30 finaliz\u00f3 reparaci\u00f3n\u00a0 del Puente Cahaboncito, quedando habilitado el paso de\u00a0 Alta Verapaz hacia Izabal.<\/p>\n<p style=\"text-align: justify;\">Como Gobierno seguimos trabajando para que cada una de las carreteras afectadas sea habilitada lo m\u00e1s pronto posible.<\/p>\n<p>&nbsp;<\/p>\n<div><\/div>\n<p>&nbsp;<\/p>\n<p>&nbsp;<\/p>\n<p>&nbsp;<\/p>\n<p>&nbsp;<\/p>\n","protected":false},"excerpt":{"rendered":"<p>Como parte de la coordinaci\u00f3n interinstitucional, la Brigada de Artiller\u00eda de Campa\u00f1a &#8220;Santa Barbara&#8221; y la Empresa MAYANIQUEL, 07 NOV 21:30 finaliz\u00f3 reparaci\u00f3n\u00a0 del Puente Cahaboncito, quedando habilitado el paso de\u00a0 Alta Verapaz hacia Izabal. Como Gobierno seguimos trabajando para que cada una de las carreteras afectadas sea habilitada lo m\u00e1s pronto posible. &nbsp; &nbsp; [&hellip;]<\/p>\n","protected":false},"author":1,"featured_media":10141,"comment_status":"closed","ping_status":"open","sticky":false,"template":"","format":"gallery","meta":[],"categories":[5],"tags":[178],"_links":{"self":[{"href":"https:\/\/gobernacionaltaverapaz.gob.gt\/index.php?rest_route=\/wp\/v2\/posts\/10144"}],"collection":[{"href":"https:\/\/gobernacionaltaverapaz.gob.gt\/index.php?rest_route=\/wp\/v2\/posts"}],"about":[{"href":"https:\/\/gobernacionaltaverapaz.gob.gt\/index.php?rest_route=\/wp\/v2\/types\/post"}],"author":[{"embeddable":true,"href":"https:\/\/gobernacionaltaverapaz.gob.gt\/index.php?rest_route=\/wp\/v2\/users\/1"}],"replies":[{"embeddable":true,"href":"https:\/\/gobernacionaltaverapaz.gob.gt\/index.php?rest_route=%2Fwp%2Fv2%2Fcomments&post=10144"}],"version-history":[{"count":1,"href":"https:\/\/gobernacionaltaverapaz.gob.gt\/index.php?rest_route=\/wp\/v2\/posts\/10144\/revisions"}],"predecessor-version":[{"id":10145,"href":"https:\/\/gobernacionaltaverapaz.gob.gt\/index.php?rest_route=\/wp\/v2\/posts\/10144\/revisions\/10145"}],"wp:featuredmedia":[{"embeddable":true,"href":"https:\/\/gobernacionaltaverapaz.gob.gt\/index.php?rest_route=\/wp\/v2\/media\/10141"}],"wp:attachment":[{"href":"https:\/\/gobernacionaltaverapaz.gob.gt\/index.php?rest_route=%2Fwp%2Fv2%2Fmedia&parent=10144"}],"wp:term":[{"taxonomy":"category","embeddable":true,"href":"https:\/\/gobernacionaltaverapaz.gob.gt\/index.php?rest_route=%2Fwp%2Fv2%2Fcategories&post=10144"},{"taxonomy":"post_tag","embeddable":true,"href":"https:\/\/gobernacionaltaverapaz.gob.gt\/index.php?rest_route=%2Fwp%2Fv2%2Ftags&post=10144"}],"curies":[{"name":"wp","href":"https:\/\/api.w.org\/{rel}","templated":true}]}}