{"id":10164,"date":"2020-11-27T07:36:58","date_gmt":"2020-11-27T13:36:58","guid":{"rendered":"https:\/\/gobernacionaltaverapaz.gob.gt\/?p=10164"},"modified":"2020-11-27T16:29:26","modified_gmt":"2020-11-27T22:29:26","slug":"apoyo-los-comunitarios-en-los-procesos-legales-de-sus-tierras","status":"publish","type":"post","link":"https:\/\/gobernacionaltaverapaz.gob.gt\/?p=10164","title":{"rendered":"Apoyo a los comunitarios en los procesos legales de sus tierras"},"content":{"rendered":"<p style=\"text-align: justify;\">Visitamos a vecinos de Cuchil en el municipio de San Miguel Tucur\u00fa, quienes muy alegres compartieron con las autoridades presentes el efectivo del \u00faltimo pago a los propietarios de las tierras que habitan.<\/p>\n<p style=\"text-align: justify;\">En la actividad manifest\u00e9 el apoyo a los comunitarios en los procesos legales que tienen que realizar para el reconocimiento de sus tierras a la vida jur\u00eddica, en la actividad estuvieron Presentes: Alcalde Municipal de Tucur\u00fa, PNC, INFOM y FONDO DE TIERRAS.<\/p>\n<p>&nbsp;<\/p>\n<div><\/div>\n","protected":false},"excerpt":{"rendered":"<p>Visitamos a vecinos de Cuchil en el municipio de San Miguel Tucur\u00fa, quienes muy alegres compartieron con las autoridades presentes el efectivo del \u00faltimo pago a los propietarios de las tierras que habitan. En la actividad manifest\u00e9 el apoyo a los comunitarios en los procesos legales que tienen que realizar para el reconocimiento de sus [&hellip;]<\/p>\n","protected":false},"author":1,"featured_media":10155,"comment_status":"closed","ping_status":"open","sticky":false,"template":"","format":"gallery","meta":[],"categories":[182],"tags":[178],"_links":{"self":[{"href":"https:\/\/gobernacionaltaverapaz.gob.gt\/index.php?rest_route=\/wp\/v2\/posts\/10164"}],"collection":[{"href":"https:\/\/gobernacionaltaverapaz.gob.gt\/index.php?rest_route=\/wp\/v2\/posts"}],"about":[{"href":"https:\/\/gobernacionaltaverapaz.gob.gt\/index.php?rest_route=\/wp\/v2\/types\/post"}],"author":[{"embeddable":true,"href":"https:\/\/gobernacionaltaverapaz.gob.gt\/index.php?rest_route=\/wp\/v2\/users\/1"}],"replies":[{"embeddable":true,"href":"https:\/\/gobernacionaltaverapaz.gob.gt\/index.php?rest_route=%2Fwp%2Fv2%2Fcomments&post=10164"}],"version-history":[{"count":1,"href":"https:\/\/gobernacionaltaverapaz.gob.gt\/index.php?rest_route=\/wp\/v2\/posts\/10164\/revisions"}],"predecessor-version":[{"id":10165,"href":"https:\/\/gobernacionaltaverapaz.gob.gt\/index.php?rest_route=\/wp\/v2\/posts\/10164\/revisions\/10165"}],"wp:featuredmedia":[{"embeddable":true,"href":"https:\/\/gobernacionaltaverapaz.gob.gt\/index.php?rest_route=\/wp\/v2\/media\/10155"}],"wp:attachment":[{"href":"https:\/\/gobernacionaltaverapaz.gob.gt\/index.php?rest_route=%2Fwp%2Fv2%2Fmedia&parent=10164"}],"wp:term":[{"taxonomy":"category","embeddable":true,"href":"https:\/\/gobernacionaltaverapaz.gob.gt\/index.php?rest_route=%2Fwp%2Fv2%2Fcategories&post=10164"},{"taxonomy":"post_tag","embeddable":true,"href":"https:\/\/gobernacionaltaverapaz.gob.gt\/index.php?rest_route=%2Fwp%2Fv2%2Ftags&post=10164"}],"curies":[{"name":"wp","href":"https:\/\/api.w.org\/{rel}","templated":true}]}}