{"id":10174,"date":"2020-11-26T11:05:32","date_gmt":"2020-11-26T17:05:32","guid":{"rendered":"https:\/\/gobernacionaltaverapaz.gob.gt\/?p=10174"},"modified":"2020-11-27T17:03:34","modified_gmt":"2020-11-27T23:03:34","slug":"apoyo-alimentario-prevencin-covid19","status":"publish","type":"post","link":"https:\/\/gobernacionaltaverapaz.gob.gt\/?p=10174","title":{"rendered":"Apoyo Alimentario y Prevenci\u00f3n Covid-19"},"content":{"rendered":"<p style=\"text-align: justify;\">En Cob\u00e1n Alta Verapaz, se realiza la dotaci\u00f3n de 18,495 raciones de alimentos del programa denominado \u201cApoyo Alimentario y Prevenci\u00f3n Covid-19&#8243;.<\/p>\n<p style=\"text-align: justify;\">Esta entregada es coordinada por el MIDES y la Municipalidad de Cob\u00e1n, la raci\u00f3n incluye 80 libras de harina de ma\u00edz mixtamalizada, 25 libras de frijol negro, 3 botellas de 800 ml de aceite vegetal, 4 bolsas de 450 gramos de harina de ma\u00edz y soya fortificado, 2.5 kilogramos de az\u00facar fortificado con vitamina A, 4 kilogramos de avena en hojuelas, 25 libras de arroz blanco, 1 libra de sal yodada y 5 libras de pastas.<\/p>\n<p style=\"text-align: justify;\">Estos insumos se est\u00e1n distribuyendo en los distintos municipios de nuestro departamento.<\/p>\n<p>&nbsp;<\/p>\n<div><\/div>\n","protected":false},"excerpt":{"rendered":"<p>En Cob\u00e1n Alta Verapaz, se realiza la dotaci\u00f3n de 18,495 raciones de alimentos del programa denominado \u201cApoyo Alimentario y Prevenci\u00f3n Covid-19&#8243;. Esta entregada es coordinada por el MIDES y la Municipalidad de Cob\u00e1n, la raci\u00f3n incluye 80 libras de harina de ma\u00edz mixtamalizada, 25 libras de frijol negro, 3 botellas de 800 ml de aceite [&hellip;]<\/p>\n","protected":false},"author":1,"featured_media":10166,"comment_status":"closed","ping_status":"open","sticky":false,"template":"","format":"gallery","meta":[],"categories":[182],"tags":[178],"_links":{"self":[{"href":"https:\/\/gobernacionaltaverapaz.gob.gt\/index.php?rest_route=\/wp\/v2\/posts\/10174"}],"collection":[{"href":"https:\/\/gobernacionaltaverapaz.gob.gt\/index.php?rest_route=\/wp\/v2\/posts"}],"about":[{"href":"https:\/\/gobernacionaltaverapaz.gob.gt\/index.php?rest_route=\/wp\/v2\/types\/post"}],"author":[{"embeddable":true,"href":"https:\/\/gobernacionaltaverapaz.gob.gt\/index.php?rest_route=\/wp\/v2\/users\/1"}],"replies":[{"embeddable":true,"href":"https:\/\/gobernacionaltaverapaz.gob.gt\/index.php?rest_route=%2Fwp%2Fv2%2Fcomments&post=10174"}],"version-history":[{"count":1,"href":"https:\/\/gobernacionaltaverapaz.gob.gt\/index.php?rest_route=\/wp\/v2\/posts\/10174\/revisions"}],"predecessor-version":[{"id":10175,"href":"https:\/\/gobernacionaltaverapaz.gob.gt\/index.php?rest_route=\/wp\/v2\/posts\/10174\/revisions\/10175"}],"wp:featuredmedia":[{"embeddable":true,"href":"https:\/\/gobernacionaltaverapaz.gob.gt\/index.php?rest_route=\/wp\/v2\/media\/10166"}],"wp:attachment":[{"href":"https:\/\/gobernacionaltaverapaz.gob.gt\/index.php?rest_route=%2Fwp%2Fv2%2Fmedia&parent=10174"}],"wp:term":[{"taxonomy":"category","embeddable":true,"href":"https:\/\/gobernacionaltaverapaz.gob.gt\/index.php?rest_route=%2Fwp%2Fv2%2Fcategories&post=10174"},{"taxonomy":"post_tag","embeddable":true,"href":"https:\/\/gobernacionaltaverapaz.gob.gt\/index.php?rest_route=%2Fwp%2Fv2%2Ftags&post=10174"}],"curies":[{"name":"wp","href":"https:\/\/api.w.org\/{rel}","templated":true}]}}