{"id":10180,"date":"2020-11-29T10:31:01","date_gmt":"2020-11-29T16:31:01","guid":{"rendered":"https:\/\/gobernacionaltaverapaz.gob.gt\/?p=10180"},"modified":"2020-11-30T11:06:21","modified_gmt":"2020-11-30T17:06:21","slug":"proteccin-especial-la-niez-adolescencia","status":"publish","type":"post","link":"https:\/\/gobernacionaltaverapaz.gob.gt\/?p=10180","title":{"rendered":"Protecci\u00f3n especial a la ni\u00f1ez y Adolescencia"},"content":{"rendered":"<p style=\"text-align: justify;\">Como parte de la coordinaci\u00f3n interinstitucional se realiz\u00f3 un acercamiento con integrantes de la Unidad Departamental de protecci\u00f3n especial a la ni\u00f1ez y Adolescencia del \u00a0REFUGIO DE LA NI\u00d1EZ, con el fin de realizar acciones coordinadas y organizadas y garantizar la prevenci\u00f3n de la violencia hacia la ni\u00f1ez y Adolescencia y la restituci\u00f3n de sus derechos en el Departamento.<\/p>\n<p>&nbsp;<\/p>\n<div>\n<div><\/div>\n<\/div>\n","protected":false},"excerpt":{"rendered":"<p>Como parte de la coordinaci\u00f3n interinstitucional se realiz\u00f3 un acercamiento con integrantes de la Unidad Departamental de protecci\u00f3n especial a la ni\u00f1ez y Adolescencia del \u00a0REFUGIO DE LA NI\u00d1EZ, con el fin de realizar acciones coordinadas y organizadas y garantizar la prevenci\u00f3n de la violencia hacia la ni\u00f1ez y Adolescencia y la restituci\u00f3n de sus [&hellip;]<\/p>\n","protected":false},"author":1,"featured_media":10176,"comment_status":"closed","ping_status":"open","sticky":false,"template":"","format":"gallery","meta":[],"categories":[183],"tags":[178],"_links":{"self":[{"href":"https:\/\/gobernacionaltaverapaz.gob.gt\/index.php?rest_route=\/wp\/v2\/posts\/10180"}],"collection":[{"href":"https:\/\/gobernacionaltaverapaz.gob.gt\/index.php?rest_route=\/wp\/v2\/posts"}],"about":[{"href":"https:\/\/gobernacionaltaverapaz.gob.gt\/index.php?rest_route=\/wp\/v2\/types\/post"}],"author":[{"embeddable":true,"href":"https:\/\/gobernacionaltaverapaz.gob.gt\/index.php?rest_route=\/wp\/v2\/users\/1"}],"replies":[{"embeddable":true,"href":"https:\/\/gobernacionaltaverapaz.gob.gt\/index.php?rest_route=%2Fwp%2Fv2%2Fcomments&post=10180"}],"version-history":[{"count":2,"href":"https:\/\/gobernacionaltaverapaz.gob.gt\/index.php?rest_route=\/wp\/v2\/posts\/10180\/revisions"}],"predecessor-version":[{"id":10182,"href":"https:\/\/gobernacionaltaverapaz.gob.gt\/index.php?rest_route=\/wp\/v2\/posts\/10180\/revisions\/10182"}],"wp:featuredmedia":[{"embeddable":true,"href":"https:\/\/gobernacionaltaverapaz.gob.gt\/index.php?rest_route=\/wp\/v2\/media\/10176"}],"wp:attachment":[{"href":"https:\/\/gobernacionaltaverapaz.gob.gt\/index.php?rest_route=%2Fwp%2Fv2%2Fmedia&parent=10180"}],"wp:term":[{"taxonomy":"category","embeddable":true,"href":"https:\/\/gobernacionaltaverapaz.gob.gt\/index.php?rest_route=%2Fwp%2Fv2%2Fcategories&post=10180"},{"taxonomy":"post_tag","embeddable":true,"href":"https:\/\/gobernacionaltaverapaz.gob.gt\/index.php?rest_route=%2Fwp%2Fv2%2Ftags&post=10180"}],"curies":[{"name":"wp","href":"https:\/\/api.w.org\/{rel}","templated":true}]}}