{"id":10192,"date":"2020-11-27T23:03:18","date_gmt":"2020-11-28T05:03:18","guid":{"rendered":"https:\/\/gobernacionaltaverapaz.gob.gt\/?p=10192"},"modified":"2020-11-30T11:42:46","modified_gmt":"2020-11-30T17:42:46","slug":"participacin-en-la-presentacin-de-las-lneas-de-accin-20202021","status":"publish","type":"post","link":"https:\/\/gobernacionaltaverapaz.gob.gt\/?p=10192","title":{"rendered":"Participaci\u00f3n en la presentaci\u00f3n de las  l\u00edneas de acci\u00f3n 2020-2021"},"content":{"rendered":"<p style=\"text-align: justify;\">El d\u00eda de ayer estuvimos participando en la presentaci\u00f3n de las\u00a0 l\u00edneas de acci\u00f3n 2020-2021 de la agenda estrat\u00e9gica del Instituto Nacional de Cooperativas -INACOP- y datos estad\u00edsticos de la Regi\u00f3n.<\/p>\n<p style=\"text-align: justify;\">Las cooperativas son uno de los principales modelos que incluyen los aspectos de desarrollo sostenible, estamos seguros que acompa\u00f1ando y respaldando a las cooperativas avanzaremos hacia el desarrollo, obtendremos m\u00e1s empleos productivos y el fomento de la integraci\u00f3n social.<\/p>\n<p>&nbsp;<\/p>\n<div><\/div>\n<p>&nbsp;<\/p>\n","protected":false},"excerpt":{"rendered":"<p>El d\u00eda de ayer estuvimos participando en la presentaci\u00f3n de las\u00a0 l\u00edneas de acci\u00f3n 2020-2021 de la agenda estrat\u00e9gica del Instituto Nacional de Cooperativas -INACOP- y datos estad\u00edsticos de la Regi\u00f3n. Las cooperativas son uno de los principales modelos que incluyen los aspectos de desarrollo sostenible, estamos seguros que acompa\u00f1ando y respaldando a las cooperativas [&hellip;]<\/p>\n","protected":false},"author":1,"featured_media":10183,"comment_status":"closed","ping_status":"open","sticky":false,"template":"","format":"gallery","meta":[],"categories":[194],"tags":[178],"_links":{"self":[{"href":"https:\/\/gobernacionaltaverapaz.gob.gt\/index.php?rest_route=\/wp\/v2\/posts\/10192"}],"collection":[{"href":"https:\/\/gobernacionaltaverapaz.gob.gt\/index.php?rest_route=\/wp\/v2\/posts"}],"about":[{"href":"https:\/\/gobernacionaltaverapaz.gob.gt\/index.php?rest_route=\/wp\/v2\/types\/post"}],"author":[{"embeddable":true,"href":"https:\/\/gobernacionaltaverapaz.gob.gt\/index.php?rest_route=\/wp\/v2\/users\/1"}],"replies":[{"embeddable":true,"href":"https:\/\/gobernacionaltaverapaz.gob.gt\/index.php?rest_route=%2Fwp%2Fv2%2Fcomments&post=10192"}],"version-history":[{"count":1,"href":"https:\/\/gobernacionaltaverapaz.gob.gt\/index.php?rest_route=\/wp\/v2\/posts\/10192\/revisions"}],"predecessor-version":[{"id":10193,"href":"https:\/\/gobernacionaltaverapaz.gob.gt\/index.php?rest_route=\/wp\/v2\/posts\/10192\/revisions\/10193"}],"wp:featuredmedia":[{"embeddable":true,"href":"https:\/\/gobernacionaltaverapaz.gob.gt\/index.php?rest_route=\/wp\/v2\/media\/10183"}],"wp:attachment":[{"href":"https:\/\/gobernacionaltaverapaz.gob.gt\/index.php?rest_route=%2Fwp%2Fv2%2Fmedia&parent=10192"}],"wp:term":[{"taxonomy":"category","embeddable":true,"href":"https:\/\/gobernacionaltaverapaz.gob.gt\/index.php?rest_route=%2Fwp%2Fv2%2Fcategories&post=10192"},{"taxonomy":"post_tag","embeddable":true,"href":"https:\/\/gobernacionaltaverapaz.gob.gt\/index.php?rest_route=%2Fwp%2Fv2%2Ftags&post=10192"}],"curies":[{"name":"wp","href":"https:\/\/api.w.org\/{rel}","templated":true}]}}