{"id":10194,"date":"2020-11-30T10:56:42","date_gmt":"2020-11-30T16:56:42","guid":{"rendered":"https:\/\/gobernacionaltaverapaz.gob.gt\/?p=10194"},"modified":"2020-11-30T15:06:04","modified_gmt":"2020-11-30T21:06:04","slug":"feliz-da-del-periodista","status":"publish","type":"post","link":"https:\/\/gobernacionaltaverapaz.gob.gt\/?p=10194","title":{"rendered":"FELIZ D\u00cdA DEL PERIODISTA"},"content":{"rendered":"<p style=\"text-align: justify;\">30 de noviembre, D\u00eda del Periodista: Reconocemos la importancia de la labor de los profesionales de la comunicaci\u00f3n en la lucha por una esfera p\u00fablica informada bajo los par\u00e1metros \u00e9ticos y morales, un periodismo libre es clave para mantener a una sociedad democr\u00e1tica informada.<\/p>\n<p><a href=\"https:\/\/gobernacionaltaverapaz.gob.gt\/wp-content\/uploads\/2020\/11\/01-21.jpg\"><img decoding=\"async\" loading=\"lazy\" class=\"alignnone wp-image-10195 size-full\" title=\"Ver imagen en Facebook\" src=\"https:\/\/gobernacionaltaverapaz.gob.gt\/wp-content\/uploads\/2020\/11\/01-21.jpg\" alt=\"\" width=\"900\" height=\"582\" srcset=\"https:\/\/gobernacionaltaverapaz.gob.gt\/wp-content\/uploads\/2020\/11\/01-21.jpg 900w, https:\/\/gobernacionaltaverapaz.gob.gt\/wp-content\/uploads\/2020\/11\/01-21-300x194.jpg 300w, https:\/\/gobernacionaltaverapaz.gob.gt\/wp-content\/uploads\/2020\/11\/01-21-768x497.jpg 768w\" sizes=\"(max-width: 900px) 100vw, 900px\" \/><\/a><\/p>\n","protected":false},"excerpt":{"rendered":"<p>30 de noviembre, D\u00eda del Periodista: Reconocemos la importancia de la labor de los profesionales de la comunicaci\u00f3n en la lucha por una esfera p\u00fablica informada bajo los par\u00e1metros \u00e9ticos y morales, un periodismo libre es clave para mantener a una sociedad democr\u00e1tica informada.<\/p>\n","protected":false},"author":1,"featured_media":10195,"comment_status":"closed","ping_status":"open","sticky":false,"template":"","format":"gallery","meta":[],"categories":[183],"tags":[178],"_links":{"self":[{"href":"https:\/\/gobernacionaltaverapaz.gob.gt\/index.php?rest_route=\/wp\/v2\/posts\/10194"}],"collection":[{"href":"https:\/\/gobernacionaltaverapaz.gob.gt\/index.php?rest_route=\/wp\/v2\/posts"}],"about":[{"href":"https:\/\/gobernacionaltaverapaz.gob.gt\/index.php?rest_route=\/wp\/v2\/types\/post"}],"author":[{"embeddable":true,"href":"https:\/\/gobernacionaltaverapaz.gob.gt\/index.php?rest_route=\/wp\/v2\/users\/1"}],"replies":[{"embeddable":true,"href":"https:\/\/gobernacionaltaverapaz.gob.gt\/index.php?rest_route=%2Fwp%2Fv2%2Fcomments&post=10194"}],"version-history":[{"count":2,"href":"https:\/\/gobernacionaltaverapaz.gob.gt\/index.php?rest_route=\/wp\/v2\/posts\/10194\/revisions"}],"predecessor-version":[{"id":10197,"href":"https:\/\/gobernacionaltaverapaz.gob.gt\/index.php?rest_route=\/wp\/v2\/posts\/10194\/revisions\/10197"}],"wp:featuredmedia":[{"embeddable":true,"href":"https:\/\/gobernacionaltaverapaz.gob.gt\/index.php?rest_route=\/wp\/v2\/media\/10195"}],"wp:attachment":[{"href":"https:\/\/gobernacionaltaverapaz.gob.gt\/index.php?rest_route=%2Fwp%2Fv2%2Fmedia&parent=10194"}],"wp:term":[{"taxonomy":"category","embeddable":true,"href":"https:\/\/gobernacionaltaverapaz.gob.gt\/index.php?rest_route=%2Fwp%2Fv2%2Fcategories&post=10194"},{"taxonomy":"post_tag","embeddable":true,"href":"https:\/\/gobernacionaltaverapaz.gob.gt\/index.php?rest_route=%2Fwp%2Fv2%2Ftags&post=10194"}],"curies":[{"name":"wp","href":"https:\/\/api.w.org\/{rel}","templated":true}]}}