{"id":10241,"date":"2020-12-03T12:37:29","date_gmt":"2020-12-03T18:37:29","guid":{"rendered":"https:\/\/gobernacionaltaverapaz.gob.gt\/?p=10241"},"modified":"2020-12-08T10:28:26","modified_gmt":"2020-12-08T16:28:26","slug":"da-panamericano-del-mdico","status":"publish","type":"post","link":"https:\/\/gobernacionaltaverapaz.gob.gt\/?p=10241","title":{"rendered":"D\u00cdA PANAMERICANO DEL M\u00c9DICO"},"content":{"rendered":"<p>Gobernaci\u00f3n Departamental de Alta Verapaz, Felicita a los profesionales de la medicina que a diario se esfuerzan por brindar atenci\u00f3n m\u00e9dica a la poblaci\u00f3n.<\/p>\n<p><a href=\"https:\/\/gobernacionaltaverapaz.gob.gt\/wp-content\/uploads\/2020\/12\/01-4.jpg\"><img decoding=\"async\" loading=\"lazy\" class=\"alignnone wp-image-10242 size-full\" title=\"VER IMAGEN EN FACEBOOK\" src=\"https:\/\/gobernacionaltaverapaz.gob.gt\/wp-content\/uploads\/2020\/12\/01-4.jpg\" alt=\"\" width=\"900\" height=\"600\" srcset=\"https:\/\/gobernacionaltaverapaz.gob.gt\/wp-content\/uploads\/2020\/12\/01-4.jpg 900w, https:\/\/gobernacionaltaverapaz.gob.gt\/wp-content\/uploads\/2020\/12\/01-4-300x200.jpg 300w, https:\/\/gobernacionaltaverapaz.gob.gt\/wp-content\/uploads\/2020\/12\/01-4-768x512.jpg 768w\" sizes=\"(max-width: 900px) 100vw, 900px\" \/><\/a><\/p>\n","protected":false},"excerpt":{"rendered":"<p>Gobernaci\u00f3n Departamental de Alta Verapaz, Felicita a los profesionales de la medicina que a diario se esfuerzan por brindar atenci\u00f3n m\u00e9dica a la poblaci\u00f3n.<\/p>\n","protected":false},"author":1,"featured_media":10242,"comment_status":"closed","ping_status":"open","sticky":false,"template":"","format":"gallery","meta":[],"categories":[5],"tags":[178],"_links":{"self":[{"href":"https:\/\/gobernacionaltaverapaz.gob.gt\/index.php?rest_route=\/wp\/v2\/posts\/10241"}],"collection":[{"href":"https:\/\/gobernacionaltaverapaz.gob.gt\/index.php?rest_route=\/wp\/v2\/posts"}],"about":[{"href":"https:\/\/gobernacionaltaverapaz.gob.gt\/index.php?rest_route=\/wp\/v2\/types\/post"}],"author":[{"embeddable":true,"href":"https:\/\/gobernacionaltaverapaz.gob.gt\/index.php?rest_route=\/wp\/v2\/users\/1"}],"replies":[{"embeddable":true,"href":"https:\/\/gobernacionaltaverapaz.gob.gt\/index.php?rest_route=%2Fwp%2Fv2%2Fcomments&post=10241"}],"version-history":[{"count":2,"href":"https:\/\/gobernacionaltaverapaz.gob.gt\/index.php?rest_route=\/wp\/v2\/posts\/10241\/revisions"}],"predecessor-version":[{"id":10244,"href":"https:\/\/gobernacionaltaverapaz.gob.gt\/index.php?rest_route=\/wp\/v2\/posts\/10241\/revisions\/10244"}],"wp:featuredmedia":[{"embeddable":true,"href":"https:\/\/gobernacionaltaverapaz.gob.gt\/index.php?rest_route=\/wp\/v2\/media\/10242"}],"wp:attachment":[{"href":"https:\/\/gobernacionaltaverapaz.gob.gt\/index.php?rest_route=%2Fwp%2Fv2%2Fmedia&parent=10241"}],"wp:term":[{"taxonomy":"category","embeddable":true,"href":"https:\/\/gobernacionaltaverapaz.gob.gt\/index.php?rest_route=%2Fwp%2Fv2%2Fcategories&post=10241"},{"taxonomy":"post_tag","embeddable":true,"href":"https:\/\/gobernacionaltaverapaz.gob.gt\/index.php?rest_route=%2Fwp%2Fv2%2Ftags&post=10241"}],"curies":[{"name":"wp","href":"https:\/\/api.w.org\/{rel}","templated":true}]}}