{"id":10315,"date":"2020-12-15T21:16:29","date_gmt":"2020-12-16T03:16:29","guid":{"rendered":"https:\/\/gobernacionaltaverapaz.gob.gt\/?p=10315"},"modified":"2020-12-18T16:53:23","modified_gmt":"2020-12-18T22:53:23","slug":"se-realiz-reunin-interinstitucional","status":"publish","type":"post","link":"https:\/\/gobernacionaltaverapaz.gob.gt\/?p=10315","title":{"rendered":"Se realiz\u00f3 reuni\u00f3n interinstitucional"},"content":{"rendered":"<p style=\"text-align: justify;\">El d\u00eda de hoy desde tempranas horas se realiz\u00f3 reuni\u00f3n interinstitucional para abordar temas para la reconstrucci\u00f3n de da\u00f1os causados por ETA e IOTA en el Departamento, en dicha actividad estuvieron presentes el se\u00f1or Alcalde Municipal de San Pedro Carcha; para abordar especialmente el \u00e1rea de la Aldea CAMPUR, en el que tambi\u00e9n se realiz\u00f3 visita de campo con el equipo multidisciplinario.<\/p>\n<p style=\"text-align: justify;\">En la actividad particip\u00f3 el Director del Ministerio Cultura y Deportes, Coordinador de infraestructura del MINEDUC, Encargado de programas del MIDES, Secretario de SOSEP, Subsecretario de la CONRED, INFOM, MICIVI, INSIVUMEH, Cruz Roja Guatemalteca, FOPAVI, CREOMPAZ, 6ta Brigada del Ej\u00e9rcito y SIEG\u2026<\/p>\n<p>&nbsp;<\/p>\n<div><\/div>\n","protected":false},"excerpt":{"rendered":"<p>El d\u00eda de hoy desde tempranas horas se realiz\u00f3 reuni\u00f3n interinstitucional para abordar temas para la reconstrucci\u00f3n de da\u00f1os causados por ETA e IOTA en el Departamento, en dicha actividad estuvieron presentes el se\u00f1or Alcalde Municipal de San Pedro Carcha; para abordar especialmente el \u00e1rea de la Aldea CAMPUR, en el que tambi\u00e9n se realiz\u00f3 [&hellip;]<\/p>\n","protected":false},"author":1,"featured_media":10305,"comment_status":"closed","ping_status":"open","sticky":false,"template":"","format":"gallery","meta":[],"categories":[1],"tags":[178],"_links":{"self":[{"href":"https:\/\/gobernacionaltaverapaz.gob.gt\/index.php?rest_route=\/wp\/v2\/posts\/10315"}],"collection":[{"href":"https:\/\/gobernacionaltaverapaz.gob.gt\/index.php?rest_route=\/wp\/v2\/posts"}],"about":[{"href":"https:\/\/gobernacionaltaverapaz.gob.gt\/index.php?rest_route=\/wp\/v2\/types\/post"}],"author":[{"embeddable":true,"href":"https:\/\/gobernacionaltaverapaz.gob.gt\/index.php?rest_route=\/wp\/v2\/users\/1"}],"replies":[{"embeddable":true,"href":"https:\/\/gobernacionaltaverapaz.gob.gt\/index.php?rest_route=%2Fwp%2Fv2%2Fcomments&post=10315"}],"version-history":[{"count":1,"href":"https:\/\/gobernacionaltaverapaz.gob.gt\/index.php?rest_route=\/wp\/v2\/posts\/10315\/revisions"}],"predecessor-version":[{"id":10316,"href":"https:\/\/gobernacionaltaverapaz.gob.gt\/index.php?rest_route=\/wp\/v2\/posts\/10315\/revisions\/10316"}],"wp:featuredmedia":[{"embeddable":true,"href":"https:\/\/gobernacionaltaverapaz.gob.gt\/index.php?rest_route=\/wp\/v2\/media\/10305"}],"wp:attachment":[{"href":"https:\/\/gobernacionaltaverapaz.gob.gt\/index.php?rest_route=%2Fwp%2Fv2%2Fmedia&parent=10315"}],"wp:term":[{"taxonomy":"category","embeddable":true,"href":"https:\/\/gobernacionaltaverapaz.gob.gt\/index.php?rest_route=%2Fwp%2Fv2%2Fcategories&post=10315"},{"taxonomy":"post_tag","embeddable":true,"href":"https:\/\/gobernacionaltaverapaz.gob.gt\/index.php?rest_route=%2Fwp%2Fv2%2Ftags&post=10315"}],"curies":[{"name":"wp","href":"https:\/\/api.w.org\/{rel}","templated":true}]}}