{"id":10353,"date":"2021-01-12T19:51:42","date_gmt":"2021-01-13T01:51:42","guid":{"rendered":"https:\/\/gobernacionaltaverapaz.gob.gt\/?p=10353"},"modified":"2021-01-13T17:19:24","modified_gmt":"2021-01-13T23:19:24","slug":"reunin-para-la-reconstruccin-de-daos-causados-por-tormentas-en-panzs","status":"publish","type":"post","link":"https:\/\/gobernacionaltaverapaz.gob.gt\/?p=10353","title":{"rendered":"Reuni\u00f3n para la reconstrucci\u00f3n de da\u00f1os causados por tormentas en Panz\u00f3s"},"content":{"rendered":"<p style=\"text-align: justify;\">El d\u00eda de hoy se le di\u00f3 acompa\u00f1amiento al se\u00f1or Alcalde Municipal del Municipio de Panz\u00f3s, Ernesto Ram\u00edrez para abordar el tema respecto a la reconstrucci\u00f3n de da\u00f1os causados por ETA e IOTA en la Regi\u00f3n II de dicho municipio. En la actividad participaron l\u00edderes comunitarios, empresas que operan en la Regi\u00f3n II con el objetivo de realizar un trabajo coordinado.<\/p>\n<p style=\"text-align: justify;\">Como Gobernaci\u00f3n Departamental estamos comprometidos en gestionar y apoyar las necesidades del Departamento, es por ello que se realiz\u00f3 contacto directo con el Ministerio de Comunicaciones, quienes con respuesta inmediata estar\u00e1n enviando personal de caminos para iniciar los trabajos de reparaci\u00f3n en r\u00edos.<\/p>\n<div><\/div>\n<p>&nbsp;<\/p>\n<p><a href=\"https:\/\/www.facebook.com\/GobernacionAV\/photos\/pcb.1273623516353575\/1273622419687018\/\"><img decoding=\"async\" loading=\"lazy\" class=\"alignnone wp-image-10355 size-full\" title=\"Ver galer\u00eda en Facebook\" src=\"https:\/\/gobernacionaltaverapaz.gob.gt\/wp-content\/uploads\/2021\/01\/galeria.jpg\" alt=\"\" width=\"215\" height=\"71\" \/><\/a><\/p>\n<p>&nbsp;<\/p>\n","protected":false},"excerpt":{"rendered":"<p>Como Gobernaci\u00f3n Departamental estamos comprometidos en gestionar y apoyar las necesidades del Departamento<\/p>\n","protected":false},"author":1,"featured_media":10348,"comment_status":"closed","ping_status":"open","sticky":false,"template":"","format":"gallery","meta":[],"categories":[191,194],"tags":[178],"_links":{"self":[{"href":"https:\/\/gobernacionaltaverapaz.gob.gt\/index.php?rest_route=\/wp\/v2\/posts\/10353"}],"collection":[{"href":"https:\/\/gobernacionaltaverapaz.gob.gt\/index.php?rest_route=\/wp\/v2\/posts"}],"about":[{"href":"https:\/\/gobernacionaltaverapaz.gob.gt\/index.php?rest_route=\/wp\/v2\/types\/post"}],"author":[{"embeddable":true,"href":"https:\/\/gobernacionaltaverapaz.gob.gt\/index.php?rest_route=\/wp\/v2\/users\/1"}],"replies":[{"embeddable":true,"href":"https:\/\/gobernacionaltaverapaz.gob.gt\/index.php?rest_route=%2Fwp%2Fv2%2Fcomments&post=10353"}],"version-history":[{"count":3,"href":"https:\/\/gobernacionaltaverapaz.gob.gt\/index.php?rest_route=\/wp\/v2\/posts\/10353\/revisions"}],"predecessor-version":[{"id":10357,"href":"https:\/\/gobernacionaltaverapaz.gob.gt\/index.php?rest_route=\/wp\/v2\/posts\/10353\/revisions\/10357"}],"wp:featuredmedia":[{"embeddable":true,"href":"https:\/\/gobernacionaltaverapaz.gob.gt\/index.php?rest_route=\/wp\/v2\/media\/10348"}],"wp:attachment":[{"href":"https:\/\/gobernacionaltaverapaz.gob.gt\/index.php?rest_route=%2Fwp%2Fv2%2Fmedia&parent=10353"}],"wp:term":[{"taxonomy":"category","embeddable":true,"href":"https:\/\/gobernacionaltaverapaz.gob.gt\/index.php?rest_route=%2Fwp%2Fv2%2Fcategories&post=10353"},{"taxonomy":"post_tag","embeddable":true,"href":"https:\/\/gobernacionaltaverapaz.gob.gt\/index.php?rest_route=%2Fwp%2Fv2%2Ftags&post=10353"}],"curies":[{"name":"wp","href":"https:\/\/api.w.org\/{rel}","templated":true}]}}