{"id":10366,"date":"2021-01-11T13:13:26","date_gmt":"2021-01-11T19:13:26","guid":{"rendered":"https:\/\/gobernacionaltaverapaz.gob.gt\/?p=10366"},"modified":"2021-01-14T08:58:05","modified_gmt":"2021-01-14T14:58:05","slug":"dilogo-con-pobladores-bloquearon-carretera-en-el-cruce-de-santa-cruz-verapaz","status":"publish","type":"post","link":"https:\/\/gobernacionaltaverapaz.gob.gt\/?p=10366","title":{"rendered":"Di\u00e1logo con pobladores que bloquearon carretera en el cruce de Santa Cruz Verapaz"},"content":{"rendered":"<p style=\"text-align: justify;\">El d\u00eda de hoy dialogamos con la poblaci\u00f3n que bloqueaba la carretera en el cruce de Santa Cruz Verapaz y San Julian, al municipio de Tactic.<\/p>\n<p style=\"text-align: justify;\">\nEn el abordaje del di\u00e1logo que establecimos con autoridades locales y l\u00edderes para buscar una soluci\u00f3n a este tipo de acciones nos comprometimos a gestionar y coordinar con las instancias correspondientes, para que se atienda el tema del alza de la tarifa de transporte urbano y extraurbano.<\/p>\n<p>&nbsp;<\/p>\n<div><\/div>\n","protected":false},"excerpt":{"rendered":"<p>El d\u00eda de hoy dialogamos con la poblaci\u00f3n que bloqueaba la carretera en el cruce de Santa Cruz Verapaz y San Julian, al municipio de Tactic. En el abordaje del di\u00e1logo que establecimos con autoridades locales y l\u00edderes para buscar una soluci\u00f3n a este tipo de acciones nos comprometimos a gestionar y coordinar con las [&hellip;]<\/p>\n","protected":false},"author":1,"featured_media":10364,"comment_status":"closed","ping_status":"open","sticky":false,"template":"","format":"gallery","meta":[],"categories":[1],"tags":[],"_links":{"self":[{"href":"https:\/\/gobernacionaltaverapaz.gob.gt\/index.php?rest_route=\/wp\/v2\/posts\/10366"}],"collection":[{"href":"https:\/\/gobernacionaltaverapaz.gob.gt\/index.php?rest_route=\/wp\/v2\/posts"}],"about":[{"href":"https:\/\/gobernacionaltaverapaz.gob.gt\/index.php?rest_route=\/wp\/v2\/types\/post"}],"author":[{"embeddable":true,"href":"https:\/\/gobernacionaltaverapaz.gob.gt\/index.php?rest_route=\/wp\/v2\/users\/1"}],"replies":[{"embeddable":true,"href":"https:\/\/gobernacionaltaverapaz.gob.gt\/index.php?rest_route=%2Fwp%2Fv2%2Fcomments&post=10366"}],"version-history":[{"count":1,"href":"https:\/\/gobernacionaltaverapaz.gob.gt\/index.php?rest_route=\/wp\/v2\/posts\/10366\/revisions"}],"predecessor-version":[{"id":10367,"href":"https:\/\/gobernacionaltaverapaz.gob.gt\/index.php?rest_route=\/wp\/v2\/posts\/10366\/revisions\/10367"}],"wp:featuredmedia":[{"embeddable":true,"href":"https:\/\/gobernacionaltaverapaz.gob.gt\/index.php?rest_route=\/wp\/v2\/media\/10364"}],"wp:attachment":[{"href":"https:\/\/gobernacionaltaverapaz.gob.gt\/index.php?rest_route=%2Fwp%2Fv2%2Fmedia&parent=10366"}],"wp:term":[{"taxonomy":"category","embeddable":true,"href":"https:\/\/gobernacionaltaverapaz.gob.gt\/index.php?rest_route=%2Fwp%2Fv2%2Fcategories&post=10366"},{"taxonomy":"post_tag","embeddable":true,"href":"https:\/\/gobernacionaltaverapaz.gob.gt\/index.php?rest_route=%2Fwp%2Fv2%2Ftags&post=10366"}],"curies":[{"name":"wp","href":"https:\/\/api.w.org\/{rel}","templated":true}]}}