{"id":10393,"date":"2021-01-15T12:24:48","date_gmt":"2021-01-15T18:24:48","guid":{"rendered":"https:\/\/gobernacionaltaverapaz.gob.gt\/?p=10393"},"modified":"2021-01-18T08:52:41","modified_gmt":"2021-01-18T14:52:41","slug":"plan-municipal-para-la-reconstruccin-del-municipio-de-san-cristobal-verapaz","status":"publish","type":"post","link":"https:\/\/gobernacionaltaverapaz.gob.gt\/?p=10393","title":{"rendered":"Plan municipal para la reconstrucci\u00f3n del municipio de San Crist\u00f3bal Verapaz"},"content":{"rendered":"<p style=\"text-align: justify;\">Gobernador Departamental Ing. Romel Manuel Veliz Castro, particip\u00f3 en la presentaci\u00f3n del Plan Municipal y Mesa T\u00e9cnica de reconstrucci\u00f3n del municipio de San Crist\u00f3bal Verapaz 2021-2023.<\/p>\n<p style=\"text-align: justify;\">El objetivo de la reuni\u00f3n es impulsar la alianza interinstitucional -OG- ONG- MUNICIPALIDAD y GOBIERNO CENTRAL -, para gestionar, coordinar y ejecutar los planes, programas y proyectos en el marco del plan Municipal de Reconstrucci\u00f3n de San Crist\u00f3bal Verapaz, derivado de los efectos de las tormentas ETA e IOTA.<\/p>\n<p>&nbsp;<\/p>\n<div><\/div>\n","protected":false},"excerpt":{"rendered":"<p>El objetivo de la reuni\u00f3n es impulsar la alianza interinstitucional -OG- ONG- MUNICIPALIDAD y GOBIERNO CENTRAL -, para gestionar, coordinar y ejecutar los planes, programas y proyectos en el marco del plan Municipal de Reconstrucci\u00f3n del municipio.<\/p>\n","protected":false},"author":1,"featured_media":10385,"comment_status":"closed","ping_status":"open","sticky":false,"template":"","format":"gallery","meta":[],"categories":[191],"tags":[178],"_links":{"self":[{"href":"https:\/\/gobernacionaltaverapaz.gob.gt\/index.php?rest_route=\/wp\/v2\/posts\/10393"}],"collection":[{"href":"https:\/\/gobernacionaltaverapaz.gob.gt\/index.php?rest_route=\/wp\/v2\/posts"}],"about":[{"href":"https:\/\/gobernacionaltaverapaz.gob.gt\/index.php?rest_route=\/wp\/v2\/types\/post"}],"author":[{"embeddable":true,"href":"https:\/\/gobernacionaltaverapaz.gob.gt\/index.php?rest_route=\/wp\/v2\/users\/1"}],"replies":[{"embeddable":true,"href":"https:\/\/gobernacionaltaverapaz.gob.gt\/index.php?rest_route=%2Fwp%2Fv2%2Fcomments&post=10393"}],"version-history":[{"count":3,"href":"https:\/\/gobernacionaltaverapaz.gob.gt\/index.php?rest_route=\/wp\/v2\/posts\/10393\/revisions"}],"predecessor-version":[{"id":10396,"href":"https:\/\/gobernacionaltaverapaz.gob.gt\/index.php?rest_route=\/wp\/v2\/posts\/10393\/revisions\/10396"}],"wp:featuredmedia":[{"embeddable":true,"href":"https:\/\/gobernacionaltaverapaz.gob.gt\/index.php?rest_route=\/wp\/v2\/media\/10385"}],"wp:attachment":[{"href":"https:\/\/gobernacionaltaverapaz.gob.gt\/index.php?rest_route=%2Fwp%2Fv2%2Fmedia&parent=10393"}],"wp:term":[{"taxonomy":"category","embeddable":true,"href":"https:\/\/gobernacionaltaverapaz.gob.gt\/index.php?rest_route=%2Fwp%2Fv2%2Fcategories&post=10393"},{"taxonomy":"post_tag","embeddable":true,"href":"https:\/\/gobernacionaltaverapaz.gob.gt\/index.php?rest_route=%2Fwp%2Fv2%2Ftags&post=10393"}],"curies":[{"name":"wp","href":"https:\/\/api.w.org\/{rel}","templated":true}]}}