{"id":10427,"date":"2021-03-09T11:35:13","date_gmt":"2021-03-09T17:35:13","guid":{"rendered":"https:\/\/gobernacionaltaverapaz.gob.gt\/?p=10427"},"modified":"2021-03-11T16:23:21","modified_gmt":"2021-03-11T22:23:21","slug":"plan-nacional-de-vacunacin-contra-el-covid19","status":"publish","type":"post","link":"https:\/\/gobernacionaltaverapaz.gob.gt\/?p=10427","title":{"rendered":"Plan Nacional de vacunaci\u00f3n contra el covid-19"},"content":{"rendered":"<p style=\"text-align: justify;\">Gobernador Departamental, Romel Manuel Veliz Castro, dio acompa\u00f1amiento al \u00c1rea de Salud de Cob\u00e1n, A.V. quienes llevan a cabo el PLAN NACIONAL DE VACUNACI\u00d3N CONTRA EL COVID-19 EN GUATEMALA.<\/p>\n<p style=\"text-align: justify;\">Grupos de poblaci\u00f3n a vacunar contra el COVID-19, en orden prioridad, por fases y sub-fases, se realiza la inmunizaci\u00f3n de; FASE 1, Sub-Fase 1a. Trabajadores de establecimientos de salud asistencial que atienden pacientes con Covid-19 (Primera l\u00ednea), Finalizando con Sub-Fase 1F.\u00a0 que ser\u00e1n los trabajadores de sector salud (administrativos) no incluidos en fases anteriores de acuerdo con otros factores de riesgo, con el objetivo de mantener la integridad del sistema de salud.<\/p>\n<p style=\"text-align: justify;\">Fase 2, Sub-Fase 2a. Adultos Mayores de 70 y m\u00e1s a\u00f1os y adultos de 50 y m\u00e1s a\u00f1os con una o m\u00e1s de las condiciones siguientes: Hipertensi\u00f3n arterial que requiere medicamento, diabetes mellitus, enfermedad pulmonar cr\u00f3nica, enfermedad renal cr\u00f3nica, enfermedades cardiovasculares y cerebrovasculares (VIH, c\u00e1ncer, uso de inmunosupresores) u obesidad. Finalizando la Fase 2 con la Sub-Fase 2b. Adultos de 50 a 69 a\u00f1os.\u00a0 con el objetivo de disminuir la mortalidad y carga de enfermedad severa<\/p>\n<p style=\"text-align: justify;\">La vacunaci\u00f3n contra el COVID-19 se realizar\u00e1 en fases escalonadas, y se espera que las mismas se aceleren para lograr inmunizar a toda la poblaci\u00f3n.<\/p>\n<p>&nbsp;<\/p>\n<div><\/div>\n","protected":false},"excerpt":{"rendered":"<p>Gobernador Departamental, Romel Manuel Veliz Castro, dio acompa\u00f1amiento al \u00c1rea de Salud de Cob\u00e1n, A.V. quienes llevan a cabo el PLAN NACIONAL DE VACUNACI\u00d3N CONTRA EL COVID-19 EN GUATEMALA. Grupos de poblaci\u00f3n a vacunar contra el COVID-19, en orden prioridad, por fases y sub-fases, se realiza la inmunizaci\u00f3n de; FASE 1, Sub-Fase 1a. Trabajadores de [&hellip;]<\/p>\n","protected":false},"author":1,"featured_media":10428,"comment_status":"closed","ping_status":"open","sticky":false,"template":"","format":"gallery","meta":[],"categories":[5],"tags":[178],"_links":{"self":[{"href":"https:\/\/gobernacionaltaverapaz.gob.gt\/index.php?rest_route=\/wp\/v2\/posts\/10427"}],"collection":[{"href":"https:\/\/gobernacionaltaverapaz.gob.gt\/index.php?rest_route=\/wp\/v2\/posts"}],"about":[{"href":"https:\/\/gobernacionaltaverapaz.gob.gt\/index.php?rest_route=\/wp\/v2\/types\/post"}],"author":[{"embeddable":true,"href":"https:\/\/gobernacionaltaverapaz.gob.gt\/index.php?rest_route=\/wp\/v2\/users\/1"}],"replies":[{"embeddable":true,"href":"https:\/\/gobernacionaltaverapaz.gob.gt\/index.php?rest_route=%2Fwp%2Fv2%2Fcomments&post=10427"}],"version-history":[{"count":1,"href":"https:\/\/gobernacionaltaverapaz.gob.gt\/index.php?rest_route=\/wp\/v2\/posts\/10427\/revisions"}],"predecessor-version":[{"id":10429,"href":"https:\/\/gobernacionaltaverapaz.gob.gt\/index.php?rest_route=\/wp\/v2\/posts\/10427\/revisions\/10429"}],"wp:featuredmedia":[{"embeddable":true,"href":"https:\/\/gobernacionaltaverapaz.gob.gt\/index.php?rest_route=\/wp\/v2\/media\/10428"}],"wp:attachment":[{"href":"https:\/\/gobernacionaltaverapaz.gob.gt\/index.php?rest_route=%2Fwp%2Fv2%2Fmedia&parent=10427"}],"wp:term":[{"taxonomy":"category","embeddable":true,"href":"https:\/\/gobernacionaltaverapaz.gob.gt\/index.php?rest_route=%2Fwp%2Fv2%2Fcategories&post=10427"},{"taxonomy":"post_tag","embeddable":true,"href":"https:\/\/gobernacionaltaverapaz.gob.gt\/index.php?rest_route=%2Fwp%2Fv2%2Ftags&post=10427"}],"curies":[{"name":"wp","href":"https:\/\/api.w.org\/{rel}","templated":true}]}}