{"id":10443,"date":"2021-03-12T11:13:37","date_gmt":"2021-03-12T17:13:37","guid":{"rendered":"https:\/\/gobernacionaltaverapaz.gob.gt\/?p=10443"},"modified":"2021-03-15T11:13:25","modified_gmt":"2021-03-15T17:13:25","slug":"visita-de-presidente-al-departamento-de-alta-verapaz","status":"publish","type":"post","link":"https:\/\/gobernacionaltaverapaz.gob.gt\/?p=10443","title":{"rendered":"Visita del Presidente al departamento de Alta Verapaz"},"content":{"rendered":"<p style=\"text-align: justify;\">El presidente de la Rep\u00fablica de Guatemala Dr. Alejandro Giammattei visit\u00f3 el d\u00eda de ayer jueves 11 de marzo las comunidades Sacsuh\u00e1 de Santa Catalina la Tinta y Canlun Ubicado en Panzos Alta Verapaz.<\/p>\n<p style=\"text-align: justify;\">El objetivo fue conocer de primera mano las necesidades de la poblaci\u00f3n a trav\u00e9s de las autoridades locales y fomentar el desarrollo por medio de diversos programas, como resultado del encuentro, se acord\u00f3 la implementaci\u00f3n de varios modelos integrales para apoyar a estas comunidades.<\/p>\n<p style=\"text-align: justify;\">La intenci\u00f3n es poner en marcha proyectos de agua potable, salud, educaci\u00f3n, seguridad alimentaria e infraestructura vial, entre otros, durante estas visitas, el jefe de Estado se acompa\u00f1a de integrantes del Gabinete de Gobierno, entre ellos los titulares de los siguientes ministerios:<\/p>\n<p style=\"text-align: justify;\">Educaci\u00f3n<\/p>\n<p style=\"text-align: justify;\">Desarrollo Social<\/p>\n<p style=\"text-align: justify;\">Agricultura Ganader\u00eda y Alimentaci\u00f3n<\/p>\n<p style=\"text-align: justify;\">Ambiente y Recursos Naturales<\/p>\n<p style=\"text-align: justify;\">Salud P\u00fablica y Asistencia Social<\/p>\n<p style=\"text-align: justify;\">Comunicaciones, Infraestructura y Vivienda<\/p>\n<p style=\"text-align: justify;\">Tambi\u00e9n participaron en la gira los titulares de la Secretar\u00eda de Coordinaci\u00f3n Ejecutiva de la Presidencia y Secretar\u00eda de Planificaci\u00f3n y Programaci\u00f3n de la Presidencia.<\/p>\n<div><\/div>\n","protected":false},"excerpt":{"rendered":"<p>El presidente de la Rep\u00fablica de Guatemala Dr. Alejandro Giammattei visit\u00f3 el d\u00eda de ayer jueves 11 de marzo las comunidades Sacsuh\u00e1 de Santa Catalina la Tinta y Canlun Ubicado en Panzos Alta Verapaz. El objetivo fue conocer de primera mano las necesidades de la poblaci\u00f3n a trav\u00e9s de las autoridades locales y fomentar el [&hellip;]<\/p>\n","protected":false},"author":1,"featured_media":10430,"comment_status":"closed","ping_status":"open","sticky":false,"template":"","format":"gallery","meta":[],"categories":[183],"tags":[178],"_links":{"self":[{"href":"https:\/\/gobernacionaltaverapaz.gob.gt\/index.php?rest_route=\/wp\/v2\/posts\/10443"}],"collection":[{"href":"https:\/\/gobernacionaltaverapaz.gob.gt\/index.php?rest_route=\/wp\/v2\/posts"}],"about":[{"href":"https:\/\/gobernacionaltaverapaz.gob.gt\/index.php?rest_route=\/wp\/v2\/types\/post"}],"author":[{"embeddable":true,"href":"https:\/\/gobernacionaltaverapaz.gob.gt\/index.php?rest_route=\/wp\/v2\/users\/1"}],"replies":[{"embeddable":true,"href":"https:\/\/gobernacionaltaverapaz.gob.gt\/index.php?rest_route=%2Fwp%2Fv2%2Fcomments&post=10443"}],"version-history":[{"count":2,"href":"https:\/\/gobernacionaltaverapaz.gob.gt\/index.php?rest_route=\/wp\/v2\/posts\/10443\/revisions"}],"predecessor-version":[{"id":10445,"href":"https:\/\/gobernacionaltaverapaz.gob.gt\/index.php?rest_route=\/wp\/v2\/posts\/10443\/revisions\/10445"}],"wp:featuredmedia":[{"embeddable":true,"href":"https:\/\/gobernacionaltaverapaz.gob.gt\/index.php?rest_route=\/wp\/v2\/media\/10430"}],"wp:attachment":[{"href":"https:\/\/gobernacionaltaverapaz.gob.gt\/index.php?rest_route=%2Fwp%2Fv2%2Fmedia&parent=10443"}],"wp:term":[{"taxonomy":"category","embeddable":true,"href":"https:\/\/gobernacionaltaverapaz.gob.gt\/index.php?rest_route=%2Fwp%2Fv2%2Fcategories&post=10443"},{"taxonomy":"post_tag","embeddable":true,"href":"https:\/\/gobernacionaltaverapaz.gob.gt\/index.php?rest_route=%2Fwp%2Fv2%2Ftags&post=10443"}],"curies":[{"name":"wp","href":"https:\/\/api.w.org\/{rel}","templated":true}]}}