{"id":10498,"date":"2021-03-27T15:22:28","date_gmt":"2021-03-27T21:22:28","guid":{"rendered":"https:\/\/gobernacionaltaverapaz.gob.gt\/?p=10498"},"modified":"2021-03-30T16:04:31","modified_gmt":"2021-03-30T22:04:31","slug":"reunin-ordinaria-de-codede","status":"publish","type":"post","link":"https:\/\/gobernacionaltaverapaz.gob.gt\/?p=10498","title":{"rendered":"Reuni\u00f3n ordinaria de CODEDE"},"content":{"rendered":"<p style=\"text-align: justify;\">Gobernador Departamental, Romel Manuel Veliz Castro presidi\u00f3 reuni\u00f3n ordinaria del Consejo Departamental de Desarrollo de Alta Verapaz, -CODEDEAV- correspondiente al mes de marzo, en el PARQUE NATURAL LAS CONCHAS del municipio de CHAHAL, en dicha reuni\u00f3n participaron los Alcaldes Municipales, Delegados Institucionales del Departamento y Sociedad Civil.<\/p>\n<p style=\"text-align: justify;\">Donde se abordaron los temas de aprobaci\u00f3n de presupuesto del ejercicio fiscal 2021, informe de ejecuci\u00f3n de proyectos presentado por integrantes de la sociedad civil, aclaraci\u00f3n de datos poblacionales por delegados del INE, Informe de entrega de alimentaci\u00f3n escolar por parte del MINEDUC, as\u00ed mismo se activ\u00f3 el plan SINAPRESE para el resguardo y aplicaci\u00f3n de protocolos COVID-19 a la poblaci\u00f3n de Alta Verapaz en los lugares tur\u00edsticos.<\/p>\n<p style=\"text-align: justify;\">Imposible decir mucho m\u00e1s, de lo hermoso que es el PARQUE NATURAL LAS CONCHAS DE CHAHAL y es que es uno de esos lugares que deben disfrutarse al menos una vez en la vida. Te recomendamos que lo visites ellos cuentan con las medidas sanitarias y protecci\u00f3n de los visitantes.<\/p>\n<p>&nbsp;<\/p>\n<div><\/div>\n","protected":false},"excerpt":{"rendered":"<p>Gobernador Departamental, Romel Manuel Veliz Castro presidi\u00f3 reuni\u00f3n ordinaria del Consejo Departamental de Desarrollo de Alta Verapaz, -CODEDEAV- correspondiente al mes de marzo, en el PARQUE NATURAL LAS CONCHAS del municipio de CHAHAL, en dicha reuni\u00f3n participaron los Alcaldes Municipales, Delegados Institucionales del Departamento y Sociedad Civil. Donde se abordaron los temas de aprobaci\u00f3n de [&hellip;]<\/p>\n","protected":false},"author":1,"featured_media":10482,"comment_status":"closed","ping_status":"open","sticky":false,"template":"","format":"gallery","meta":[],"categories":[194],"tags":[178],"_links":{"self":[{"href":"https:\/\/gobernacionaltaverapaz.gob.gt\/index.php?rest_route=\/wp\/v2\/posts\/10498"}],"collection":[{"href":"https:\/\/gobernacionaltaverapaz.gob.gt\/index.php?rest_route=\/wp\/v2\/posts"}],"about":[{"href":"https:\/\/gobernacionaltaverapaz.gob.gt\/index.php?rest_route=\/wp\/v2\/types\/post"}],"author":[{"embeddable":true,"href":"https:\/\/gobernacionaltaverapaz.gob.gt\/index.php?rest_route=\/wp\/v2\/users\/1"}],"replies":[{"embeddable":true,"href":"https:\/\/gobernacionaltaverapaz.gob.gt\/index.php?rest_route=%2Fwp%2Fv2%2Fcomments&post=10498"}],"version-history":[{"count":1,"href":"https:\/\/gobernacionaltaverapaz.gob.gt\/index.php?rest_route=\/wp\/v2\/posts\/10498\/revisions"}],"predecessor-version":[{"id":10499,"href":"https:\/\/gobernacionaltaverapaz.gob.gt\/index.php?rest_route=\/wp\/v2\/posts\/10498\/revisions\/10499"}],"wp:featuredmedia":[{"embeddable":true,"href":"https:\/\/gobernacionaltaverapaz.gob.gt\/index.php?rest_route=\/wp\/v2\/media\/10482"}],"wp:attachment":[{"href":"https:\/\/gobernacionaltaverapaz.gob.gt\/index.php?rest_route=%2Fwp%2Fv2%2Fmedia&parent=10498"}],"wp:term":[{"taxonomy":"category","embeddable":true,"href":"https:\/\/gobernacionaltaverapaz.gob.gt\/index.php?rest_route=%2Fwp%2Fv2%2Fcategories&post=10498"},{"taxonomy":"post_tag","embeddable":true,"href":"https:\/\/gobernacionaltaverapaz.gob.gt\/index.php?rest_route=%2Fwp%2Fv2%2Ftags&post=10498"}],"curies":[{"name":"wp","href":"https:\/\/api.w.org\/{rel}","templated":true}]}}