{"id":10510,"date":"2021-03-25T22:28:34","date_gmt":"2021-03-26T04:28:34","guid":{"rendered":"https:\/\/gobernacionaltaverapaz.gob.gt\/?p=10510"},"modified":"2021-03-30T16:33:47","modified_gmt":"2021-03-30T22:33:47","slug":"inauguracin-de-obra-en-el-municipio-de-panzos-alta-verapaz","status":"publish","type":"post","link":"https:\/\/gobernacionaltaverapaz.gob.gt\/?p=10510","title":{"rendered":"Inauguraci\u00f3n de obra en el Municipio de Panzos Alta Verapaz"},"content":{"rendered":"<p style=\"text-align: justify;\">El se\u00f1or Gobernador Departamental, Romel Manuel Veliz Castro, en su calidad de presidente del Consejo Departamental de Desarrollo de Alta Verapaz &#8211; CODEDEAV, acompa\u00f1ado del se\u00f1or Alcalde Municipal Ernesto Ram\u00edrez Caal y su honorable Concejo Municipal, COCODEs, sector empresarial y vecinos dieron por inaugurado el proyecto denominado MEJORAMIENTO CAMINO RURAL ALDEA TELEMAN A CASERIO LA CONSTANCIA PANZOS ALTA VERAPAZ .<\/p>\n<p style=\"text-align: justify;\">Dicho proyecto consiste en la pavimentaci\u00f3n de mil ochocientos cincuenta metros, financiado en su totalidad por el Consejo Departamental de Desarrollo \u2013CODEDE- como parte de las prioridades del se\u00f1or Presidente de la Rep\u00fablica Alejandro Giammattei<\/p>\n<p style=\"text-align: justify;\">\u00a0hacia esta poblaci\u00f3n que han estado en el olvido, el caser\u00edo la Constancia del municipio de Panzos cuenta con una carretera que se comunica con la aldea Telem\u00e1n, dicha carretera estaba en mal estado, gracias a la buena gesti\u00f3n de las autoridades municipales y poblaci\u00f3n se logra la construcci\u00f3n de la PRIMERA FASE del mejoramiento del camino rural, esto les permitir\u00e1 la locomoci\u00f3n vehicular y peatonal de sus habitantes de una manera eficaz, ya que las condiciones en las que se encontraba la carrera les generaba atrasos en el trasporte de sus productos agr\u00edcolas y les dificultaba el paso a las unidades de emergencia, como tambi\u00e9n se les sumaba el alto porcentaje de contaminaci\u00f3n que produc\u00edan los veh\u00edculos al levantar mucho polvo.<\/p>\n","protected":false},"excerpt":{"rendered":"<p>El se\u00f1or Gobernador Departamental, Romel Manuel Veliz Castro, en su calidad de presidente del Consejo Departamental de Desarrollo de Alta Verapaz &#8211; CODEDEAV, acompa\u00f1ado del se\u00f1or Alcalde Municipal Ernesto Ram\u00edrez Caal y su honorable Concejo Municipal, COCODEs, sector empresarial y vecinos dieron por inaugurado el proyecto denominado MEJORAMIENTO CAMINO RURAL ALDEA TELEMAN A CASERIO LA [&hellip;]<\/p>\n","protected":false},"author":1,"featured_media":10500,"comment_status":"closed","ping_status":"open","sticky":false,"template":"","format":"gallery","meta":[],"categories":[194],"tags":[178],"_links":{"self":[{"href":"https:\/\/gobernacionaltaverapaz.gob.gt\/index.php?rest_route=\/wp\/v2\/posts\/10510"}],"collection":[{"href":"https:\/\/gobernacionaltaverapaz.gob.gt\/index.php?rest_route=\/wp\/v2\/posts"}],"about":[{"href":"https:\/\/gobernacionaltaverapaz.gob.gt\/index.php?rest_route=\/wp\/v2\/types\/post"}],"author":[{"embeddable":true,"href":"https:\/\/gobernacionaltaverapaz.gob.gt\/index.php?rest_route=\/wp\/v2\/users\/1"}],"replies":[{"embeddable":true,"href":"https:\/\/gobernacionaltaverapaz.gob.gt\/index.php?rest_route=%2Fwp%2Fv2%2Fcomments&post=10510"}],"version-history":[{"count":1,"href":"https:\/\/gobernacionaltaverapaz.gob.gt\/index.php?rest_route=\/wp\/v2\/posts\/10510\/revisions"}],"predecessor-version":[{"id":10511,"href":"https:\/\/gobernacionaltaverapaz.gob.gt\/index.php?rest_route=\/wp\/v2\/posts\/10510\/revisions\/10511"}],"wp:featuredmedia":[{"embeddable":true,"href":"https:\/\/gobernacionaltaverapaz.gob.gt\/index.php?rest_route=\/wp\/v2\/media\/10500"}],"wp:attachment":[{"href":"https:\/\/gobernacionaltaverapaz.gob.gt\/index.php?rest_route=%2Fwp%2Fv2%2Fmedia&parent=10510"}],"wp:term":[{"taxonomy":"category","embeddable":true,"href":"https:\/\/gobernacionaltaverapaz.gob.gt\/index.php?rest_route=%2Fwp%2Fv2%2Fcategories&post=10510"},{"taxonomy":"post_tag","embeddable":true,"href":"https:\/\/gobernacionaltaverapaz.gob.gt\/index.php?rest_route=%2Fwp%2Fv2%2Ftags&post=10510"}],"curies":[{"name":"wp","href":"https:\/\/api.w.org\/{rel}","templated":true}]}}