{"id":10517,"date":"2021-03-24T16:45:47","date_gmt":"2021-03-24T22:45:47","guid":{"rendered":"https:\/\/gobernacionaltaverapaz.gob.gt\/?p=10517"},"modified":"2021-03-30T17:15:54","modified_gmt":"2021-03-30T23:15:54","slug":"reunin-ordinaria-codesan","status":"publish","type":"post","link":"https:\/\/gobernacionaltaverapaz.gob.gt\/?p=10517","title":{"rendered":"Reuni\u00f3n Ordinaria -CODESAN-"},"content":{"rendered":"<p style=\"text-align: justify;\">Gobernador Departamental Romel Manuel Veliz Castro en su calidad de presidente de la Comisi\u00f3n departamental de seguridad alimentaria y nutricional del CODEDEAV, presidio reuni\u00f3n ordinaria, con el objetivo de impulsar y coordinar acciones que promuevan la seguridad alimentaria y nutricional de los grupos poblacionales del departamento de Alta Verapaz.<\/p>\n<p style=\"text-align: justify;\">Con la participaci\u00f3n activa de las instituciones siguientes: SESAN, MIDES, MAGA, MSPAS, SEGEPLAN, SOSEP, BRIGADAS DE NUTRICIONISTAS DE UNICEF, en donde se abordaron y trataron los puntos relacionados al Avance de acciones del Alimento Complementario Fortificado -ACF- NUTRI NI\u00d1OS MI COMIDITA, para atender a la poblaci\u00f3n infantil de 6 a 24 meses de edad, como parte de la estrategia de gobierno presidencial de la Gran Cruzada Nacional por la Nutrici\u00f3n -GCNN- con el fin de reducir los \u00edndices de desnutrici\u00f3n cr\u00f3nica y recuperaci\u00f3n nutricional de ni\u00f1os con desnutrici\u00f3n aguda en los 17 municipios del departamento, as\u00ed mismo se present\u00f3 el mapa situacional de desnutrici\u00f3n aguda de los meses de enero y febrero en donde el Delegado de SESAN present\u00f3 el Plan de Atenci\u00f3n al hambre estacional en donde involucra la participaci\u00f3n interinstitucional con el fin de atender integralmente a las poblaciones vulnerables a la Inseguridad Alimentaria y Nutricional del departamento.<\/p>\n<p>&nbsp;<\/p>\n<div><\/div>\n","protected":false},"excerpt":{"rendered":"<p>Gobernador Departamental Romel Manuel Veliz Castro en su calidad de presidente de la Comisi\u00f3n departamental de seguridad alimentaria y nutricional del CODEDEAV, presidio reuni\u00f3n ordinaria, con el objetivo de impulsar y coordinar acciones que promuevan la seguridad alimentaria y nutricional de los grupos poblacionales del departamento de Alta Verapaz. Con la participaci\u00f3n activa de las [&hellip;]<\/p>\n","protected":false},"author":1,"featured_media":10512,"comment_status":"closed","ping_status":"open","sticky":false,"template":"","format":"gallery","meta":[],"categories":[194],"tags":[178],"_links":{"self":[{"href":"https:\/\/gobernacionaltaverapaz.gob.gt\/index.php?rest_route=\/wp\/v2\/posts\/10517"}],"collection":[{"href":"https:\/\/gobernacionaltaverapaz.gob.gt\/index.php?rest_route=\/wp\/v2\/posts"}],"about":[{"href":"https:\/\/gobernacionaltaverapaz.gob.gt\/index.php?rest_route=\/wp\/v2\/types\/post"}],"author":[{"embeddable":true,"href":"https:\/\/gobernacionaltaverapaz.gob.gt\/index.php?rest_route=\/wp\/v2\/users\/1"}],"replies":[{"embeddable":true,"href":"https:\/\/gobernacionaltaverapaz.gob.gt\/index.php?rest_route=%2Fwp%2Fv2%2Fcomments&post=10517"}],"version-history":[{"count":1,"href":"https:\/\/gobernacionaltaverapaz.gob.gt\/index.php?rest_route=\/wp\/v2\/posts\/10517\/revisions"}],"predecessor-version":[{"id":10518,"href":"https:\/\/gobernacionaltaverapaz.gob.gt\/index.php?rest_route=\/wp\/v2\/posts\/10517\/revisions\/10518"}],"wp:featuredmedia":[{"embeddable":true,"href":"https:\/\/gobernacionaltaverapaz.gob.gt\/index.php?rest_route=\/wp\/v2\/media\/10512"}],"wp:attachment":[{"href":"https:\/\/gobernacionaltaverapaz.gob.gt\/index.php?rest_route=%2Fwp%2Fv2%2Fmedia&parent=10517"}],"wp:term":[{"taxonomy":"category","embeddable":true,"href":"https:\/\/gobernacionaltaverapaz.gob.gt\/index.php?rest_route=%2Fwp%2Fv2%2Fcategories&post=10517"},{"taxonomy":"post_tag","embeddable":true,"href":"https:\/\/gobernacionaltaverapaz.gob.gt\/index.php?rest_route=%2Fwp%2Fv2%2Ftags&post=10517"}],"curies":[{"name":"wp","href":"https:\/\/api.w.org\/{rel}","templated":true}]}}