{"id":10542,"date":"2021-04-10T13:54:24","date_gmt":"2021-04-10T19:54:24","guid":{"rendered":"https:\/\/gobernacionaltaverapaz.gob.gt\/?p=10542"},"modified":"2021-04-22T16:41:36","modified_gmt":"2021-04-22T22:41:36","slug":"reunin-del-grupo-de-toma-de-decisiones-del-coe-departamental-alerta-epidemiolgica-nueva-variante-de-sarscov2","status":"publish","type":"post","link":"https:\/\/gobernacionaltaverapaz.gob.gt\/?p=10542","title":{"rendered":"Reuni\u00f3n del grupo COE Departamental, Alerta Epidemiol\u00f3gica nueva variante de Sars-Cov-2."},"content":{"rendered":"<p style=\"text-align: justify;\">Gobernador Departamental, Romel Manuel Veliz Castro, en su calidad de Director del Centro de Operaciones de Emergencia Departamental de Alta Verapaz \u2013COED- convoco de urgencia al grupo de toma de decisiones del -COED- con el fin de implementar medidas de mitigaci\u00f3n y conocer la ALERTA EPIDEMIOL\u00d3GICA NUEVA VARIANTE DE SARS-COV-2. En dicha reuni\u00f3n estuvieron presentes los representantes y Alcaldes de los 17 municipios.<\/p>\n<p style=\"text-align: justify;\">El Se\u00f1or Gobernador Departamental resalto lo siguiente:<\/p>\n<p style=\"text-align: justify;\">\u201c El llamado es a la conciencia de cada uno de los Alta verapacenses, cuidemos a nuestros hijos, mantengamos las medidas preventivas que ya conocemos como el lavado constante manos, el distanciamiento f\u00edsico y el evitar aglomeraciones o reuniones sociales, si trabajamos en conjunto evitaremos la transmisi\u00f3n masiva de este virus, si no tendremos que volver a tomar las medidas de a\u00f1o pasado 2020, primero es la vida despu\u00e9s esta la econom\u00eda\u201d.<\/p>\n<p style=\"text-align: justify;\">Se detecta cepa circulante en siete muestras de pacientes positivos COVID-19<\/p>\n<p style=\"text-align: justify;\">El Laboratorio Nacional de Salud \u2013LNS- del Ministerio de Salud P\u00fablica y Asistencia Social -MSPAS- emiti\u00f3 la alerta epidemiol\u00f3gica por hallazgos de vigilancia gen\u00f3mica del SARS-CoV-2 en Guatemala.<\/p>\n<p style=\"text-align: justify;\">Esta semana el LNS concluy\u00f3 con la segunda ronda de secuenciaci\u00f3n gen\u00f3mica de SARS-CoV-2, en la cual se analizaron m\u00e1s de 330 muestras positivas para COVID-19 correspondientes a los meses de septiembre a diciembre 2020 y enero 2021. Los resultados confirmaron que desde el mes de enero se encuentran circulando en el territorio guatemalteco 2 de las variantes clasificadas por la OPS\/OMS como cepas VOI por su siglas en ingl\u00e9s, o variantes de inter\u00e9s en salud p\u00fablica.<\/p>\n<p style=\"text-align: justify;\">Estas variantes fueron identificadas en 7 muestras de pacientes provenientes de los departamentos de Guatemala y El Progreso y se detect\u00f3 que corresponden a los linajes de la variante del SARS-CoV-2 B.1.427\/B.1.429 (California, US). Estas variantes son capaces de presentar cambios f\u00edsicos y cambios en sus capacidades, adem\u00e1s, se ha identificado que suelen causar casos comunitarios o contagios m\u00faltiples, m\u00e1s no son clasificadas como cepas de preocupaci\u00f3n.<\/p>\n<p style=\"text-align: justify;\">El Jefe del Laboratorio Nacional de Salud, Licenciado C\u00e9sar Conde Pereira realiz\u00f3 una invitaci\u00f3n a la poblaci\u00f3n para informarse por las v\u00edas oficiales sobre este tema, recalc\u00f3 que el objetivo de este estudio es contar con informaci\u00f3n actualizada de las variantes que se encuentran en nuestro pa\u00eds con el prop\u00f3sito de discutir y tomar las acciones adecuadas en torno a la salud p\u00fablica.<\/p>\n<p>&nbsp;<\/p>\n<div><\/div>\n","protected":false},"excerpt":{"rendered":"<p>Gobernador Departamental, Romel Manuel Veliz Castro, en su calidad de Director del Centro de Operaciones de Emergencia Departamental de Alta Verapaz \u2013COED- convoco de urgencia al grupo de toma de decisiones del -COED- con el fin de implementar medidas de mitigaci\u00f3n y conocer la ALERTA EPIDEMIOL\u00d3GICA NUEVA VARIANTE DE SARS-COV-2. En dicha reuni\u00f3n estuvieron presentes [&hellip;]<\/p>\n","protected":false},"author":1,"featured_media":10537,"comment_status":"closed","ping_status":"open","sticky":false,"template":"","format":"gallery","meta":[],"categories":[194],"tags":[178],"_links":{"self":[{"href":"https:\/\/gobernacionaltaverapaz.gob.gt\/index.php?rest_route=\/wp\/v2\/posts\/10542"}],"collection":[{"href":"https:\/\/gobernacionaltaverapaz.gob.gt\/index.php?rest_route=\/wp\/v2\/posts"}],"about":[{"href":"https:\/\/gobernacionaltaverapaz.gob.gt\/index.php?rest_route=\/wp\/v2\/types\/post"}],"author":[{"embeddable":true,"href":"https:\/\/gobernacionaltaverapaz.gob.gt\/index.php?rest_route=\/wp\/v2\/users\/1"}],"replies":[{"embeddable":true,"href":"https:\/\/gobernacionaltaverapaz.gob.gt\/index.php?rest_route=%2Fwp%2Fv2%2Fcomments&post=10542"}],"version-history":[{"count":4,"href":"https:\/\/gobernacionaltaverapaz.gob.gt\/index.php?rest_route=\/wp\/v2\/posts\/10542\/revisions"}],"predecessor-version":[{"id":10629,"href":"https:\/\/gobernacionaltaverapaz.gob.gt\/index.php?rest_route=\/wp\/v2\/posts\/10542\/revisions\/10629"}],"wp:featuredmedia":[{"embeddable":true,"href":"https:\/\/gobernacionaltaverapaz.gob.gt\/index.php?rest_route=\/wp\/v2\/media\/10537"}],"wp:attachment":[{"href":"https:\/\/gobernacionaltaverapaz.gob.gt\/index.php?rest_route=%2Fwp%2Fv2%2Fmedia&parent=10542"}],"wp:term":[{"taxonomy":"category","embeddable":true,"href":"https:\/\/gobernacionaltaverapaz.gob.gt\/index.php?rest_route=%2Fwp%2Fv2%2Fcategories&post=10542"},{"taxonomy":"post_tag","embeddable":true,"href":"https:\/\/gobernacionaltaverapaz.gob.gt\/index.php?rest_route=%2Fwp%2Fv2%2Ftags&post=10542"}],"curies":[{"name":"wp","href":"https:\/\/api.w.org\/{rel}","templated":true}]}}