{"id":10559,"date":"2021-04-09T17:39:12","date_gmt":"2021-04-09T23:39:12","guid":{"rendered":"https:\/\/gobernacionaltaverapaz.gob.gt\/?p=10559"},"modified":"2021-04-12T12:02:19","modified_gmt":"2021-04-12T18:02:19","slug":"realizaron-mejoras-en-el-acondicionamiento-de-cunas-para-nios-nias-en-recuperacin-nutricional","status":"publish","type":"post","link":"https:\/\/gobernacionaltaverapaz.gob.gt\/?p=10559","title":{"rendered":"Realizaron mejoras en el acondicionamiento de Cunas para ni\u00f1os y ni\u00f1as en Recuperaci\u00f3n Nutricional"},"content":{"rendered":"<p style=\"text-align: justify;\">Departamentales, Monitores de SESAN que cubren municipios de La Tinta, Panzos y Senahu; con apoyo del Gobernador Departamental y presidente de la CODESAN Ingeniero Romel Manuel Veliz Castro, realizaron mejoras en el acondicionamiento de Cunas para ni\u00f1os y ni\u00f1as en recuperaci\u00f3n nutricional, de la Sala de Recuperaci\u00f3n Nutricional del Hospital de Santa Catalina La Tinta.<\/p>\n<div><\/div>\n<div><\/div>\n","protected":false},"excerpt":{"rendered":"<p>Departamentales, Monitores de SESAN que cubren municipios de La Tinta, Panzos y Senahu; con apoyo del Gobernador Departamental y presidente de la CODESAN Ingeniero Romel Manuel Veliz Castro, realizaron mejoras en el acondicionamiento de Cunas para ni\u00f1os y ni\u00f1as en recuperaci\u00f3n nutricional, de la Sala de Recuperaci\u00f3n Nutricional del Hospital de Santa Catalina La Tinta.<\/p>\n","protected":false},"author":1,"featured_media":10556,"comment_status":"closed","ping_status":"open","sticky":false,"template":"","format":"gallery","meta":[],"categories":[183],"tags":[178],"_links":{"self":[{"href":"https:\/\/gobernacionaltaverapaz.gob.gt\/index.php?rest_route=\/wp\/v2\/posts\/10559"}],"collection":[{"href":"https:\/\/gobernacionaltaverapaz.gob.gt\/index.php?rest_route=\/wp\/v2\/posts"}],"about":[{"href":"https:\/\/gobernacionaltaverapaz.gob.gt\/index.php?rest_route=\/wp\/v2\/types\/post"}],"author":[{"embeddable":true,"href":"https:\/\/gobernacionaltaverapaz.gob.gt\/index.php?rest_route=\/wp\/v2\/users\/1"}],"replies":[{"embeddable":true,"href":"https:\/\/gobernacionaltaverapaz.gob.gt\/index.php?rest_route=%2Fwp%2Fv2%2Fcomments&post=10559"}],"version-history":[{"count":2,"href":"https:\/\/gobernacionaltaverapaz.gob.gt\/index.php?rest_route=\/wp\/v2\/posts\/10559\/revisions"}],"predecessor-version":[{"id":10561,"href":"https:\/\/gobernacionaltaverapaz.gob.gt\/index.php?rest_route=\/wp\/v2\/posts\/10559\/revisions\/10561"}],"wp:featuredmedia":[{"embeddable":true,"href":"https:\/\/gobernacionaltaverapaz.gob.gt\/index.php?rest_route=\/wp\/v2\/media\/10556"}],"wp:attachment":[{"href":"https:\/\/gobernacionaltaverapaz.gob.gt\/index.php?rest_route=%2Fwp%2Fv2%2Fmedia&parent=10559"}],"wp:term":[{"taxonomy":"category","embeddable":true,"href":"https:\/\/gobernacionaltaverapaz.gob.gt\/index.php?rest_route=%2Fwp%2Fv2%2Fcategories&post=10559"},{"taxonomy":"post_tag","embeddable":true,"href":"https:\/\/gobernacionaltaverapaz.gob.gt\/index.php?rest_route=%2Fwp%2Fv2%2Ftags&post=10559"}],"curies":[{"name":"wp","href":"https:\/\/api.w.org\/{rel}","templated":true}]}}