{"id":10565,"date":"2021-04-09T10:56:12","date_gmt":"2021-04-09T16:56:12","guid":{"rendered":"https:\/\/gobernacionaltaverapaz.gob.gt\/?p=10565"},"modified":"2021-04-12T12:16:35","modified_gmt":"2021-04-12T18:16:35","slug":"coordinacin-interinstitucional-reservas-militares-de-alta-verapaz-gobernacin-departamental-prevencin-covid19","status":"publish","type":"post","link":"https:\/\/gobernacionaltaverapaz.gob.gt\/?p=10565","title":{"rendered":"Coordinaci\u00f3n Interinstitucional Reservas Militares de Alta Verapaz y Gobernaci\u00f3n Departamental, Prevenci\u00f3n Covid-19."},"content":{"rendered":"<p style=\"text-align: justify;\">Gobernador Departamental, Romel Manuel Veliz Castro, visit\u00f3 la comandancia de Reservas Militares de Alta Verapaz, con el objetivo de realizar coordinaci\u00f3n de actividades de prevenci\u00f3n y mitigaci\u00f3n de contagio de COVID-19, que lleva a cabo la Comandancia de Reservas Militares hacia la poblaci\u00f3n como parte de sus actividades de ayuda humanitaria sobre la sensibilizaci\u00f3n del uso adecuado de la mascarilla y aplicaci\u00f3n de alcohol en gel.<\/p>\n<p style=\"text-align: justify;\">El Coronel de Infanter\u00eda DEM. Cristian Antonio Madrid Guerra Comandante de Reservas Militares de Alta Verapaz, resalt\u00f3 la importancia de trabajar en coordinaci\u00f3n con las autoridades del Departamento y resalt\u00f3 el valioso apoyo que prestan los Reservistas a la poblaci\u00f3n de Alta Verapaz, El Se\u00f1or Gobernador Departamental efectu\u00f3 la donaci\u00f3n de 792 mascarillas y siete botes de Alcohol en gel para personal de alta y reservistas, que fueron gestionadas a la UNION EUROPEA asimismo para personas que se sensibiliza en el uso de las mismas en los municipios del departamento de Alta Verapaz.<\/p>\n<p style=\"text-align: justify;\">MISI\u00d3N:<\/p>\n<p style=\"text-align: justify;\">Reservas Militares de Alta Verapaz, bajo \u00f3rdenes superiores del Comando Especial de Reservas Militares de la Republica, organizar\u00e1, adiestrar\u00e1 y movilizar\u00e1 a las Reservas: Disponible y Movilizable del departamento de Alta Verapaz, con el fin de apoyar a la fuerza permanente en operaciones militares, ayuda humanitaria o en situaciones de desastre o calamidad p\u00fablica y a orden efectuar\u00e1 la desmovilizaci\u00f3n.<\/p>\n<p style=\"text-align: justify;\">VISI\u00d3N:<\/p>\n<p style=\"text-align: justify;\">Ser un Comando Militar altamente capacitado en preparar Unidades de Reservas Militares a nivel Departamental, con el prop\u00f3sito de proveer del recurso humano a las Unidades Militares Permanentes en operaciones de seguridad, defensa y\/o ayuda humanitaria.<\/p>\n<p>&nbsp;<\/p>\n<div><\/div>\n","protected":false},"excerpt":{"rendered":"<p>Gobernador Departamental, Romel Manuel Veliz Castro, visit\u00f3 la comandancia de Reservas Militares de Alta Verapaz, con el objetivo de realizar coordinaci\u00f3n de actividades de prevenci\u00f3n y mitigaci\u00f3n de contagio de COVID-19, que lleva a cabo la Comandancia de Reservas Militares hacia la poblaci\u00f3n como parte de sus actividades de ayuda humanitaria sobre la sensibilizaci\u00f3n del [&hellip;]<\/p>\n","protected":false},"author":1,"featured_media":10562,"comment_status":"closed","ping_status":"open","sticky":false,"template":"","format":"gallery","meta":[],"categories":[5],"tags":[178],"_links":{"self":[{"href":"https:\/\/gobernacionaltaverapaz.gob.gt\/index.php?rest_route=\/wp\/v2\/posts\/10565"}],"collection":[{"href":"https:\/\/gobernacionaltaverapaz.gob.gt\/index.php?rest_route=\/wp\/v2\/posts"}],"about":[{"href":"https:\/\/gobernacionaltaverapaz.gob.gt\/index.php?rest_route=\/wp\/v2\/types\/post"}],"author":[{"embeddable":true,"href":"https:\/\/gobernacionaltaverapaz.gob.gt\/index.php?rest_route=\/wp\/v2\/users\/1"}],"replies":[{"embeddable":true,"href":"https:\/\/gobernacionaltaverapaz.gob.gt\/index.php?rest_route=%2Fwp%2Fv2%2Fcomments&post=10565"}],"version-history":[{"count":1,"href":"https:\/\/gobernacionaltaverapaz.gob.gt\/index.php?rest_route=\/wp\/v2\/posts\/10565\/revisions"}],"predecessor-version":[{"id":10566,"href":"https:\/\/gobernacionaltaverapaz.gob.gt\/index.php?rest_route=\/wp\/v2\/posts\/10565\/revisions\/10566"}],"wp:featuredmedia":[{"embeddable":true,"href":"https:\/\/gobernacionaltaverapaz.gob.gt\/index.php?rest_route=\/wp\/v2\/media\/10562"}],"wp:attachment":[{"href":"https:\/\/gobernacionaltaverapaz.gob.gt\/index.php?rest_route=%2Fwp%2Fv2%2Fmedia&parent=10565"}],"wp:term":[{"taxonomy":"category","embeddable":true,"href":"https:\/\/gobernacionaltaverapaz.gob.gt\/index.php?rest_route=%2Fwp%2Fv2%2Fcategories&post=10565"},{"taxonomy":"post_tag","embeddable":true,"href":"https:\/\/gobernacionaltaverapaz.gob.gt\/index.php?rest_route=%2Fwp%2Fv2%2Ftags&post=10565"}],"curies":[{"name":"wp","href":"https:\/\/api.w.org\/{rel}","templated":true}]}}