{"id":10625,"date":"2021-04-20T19:46:47","date_gmt":"2021-04-21T01:46:47","guid":{"rendered":"https:\/\/gobernacionaltaverapaz.gob.gt\/?p=10625"},"modified":"2021-04-22T15:27:53","modified_gmt":"2021-04-22T21:27:53","slug":"lanzamiento-de-la-primera-jornada-mvil-de-servicios-integrados-en-alta-verapaz","status":"publish","type":"post","link":"https:\/\/gobernacionaltaverapaz.gob.gt\/?p=10625","title":{"rendered":"Lanzamiento de la Primera Jornada M\u00f3vil de Servicios Integrados en Alta Verapaz"},"content":{"rendered":"<p style=\"text-align: justify;\">Como parte de las acciones que la SCEP impulsa, se inaugur\u00f3 la primera Jornada M\u00f3vil de Servicios Integrados del a\u00f1o, en el municipio de Cob\u00e1n, Alta Verapaz, disponible a partir de este martes 20 hasta el 23 de abril, para acercar los servicios p\u00fablicos a la poblaci\u00f3n alta verapacense, facilitar los tr\u00e1mites y apoyar con ello aproximadamente a dos mil habitantes<\/p>\n<p style=\"text-align: justify;\">Gobernador Departamental, Romel Manuel V\u00e9liz Castro, resalt\u00f3 la importancia Acercar los servicios b\u00e1sicos y administrativos de las diferentes instituciones de Gobierno donde los usuarios podr\u00e1n acceder a servicios como: antecedentes policiales; certificados de nacimiento y DPI; medicina general, odontolog\u00eda y pediatr\u00eda; emisi\u00f3n de licencias de conducir, renovaciones, reposiciones y transferencias. Adem\u00e1s, tendr\u00e1n acceso a quioscos informativos en diferentes temas.<\/p>\n<div><\/div>\n","protected":false},"excerpt":{"rendered":"<p>Como parte de las acciones que la SCEP impulsa, se inaugur\u00f3 la primera Jornada M\u00f3vil de Servicios Integrados del a\u00f1o, en el municipio de Cob\u00e1n, Alta Verapaz, disponible a partir de este martes 20 hasta el 23 de abril, para acercar los servicios p\u00fablicos a la poblaci\u00f3n alta verapacense, facilitar los tr\u00e1mites y apoyar con [&hellip;]<\/p>\n","protected":false},"author":1,"featured_media":10612,"comment_status":"closed","ping_status":"open","sticky":false,"template":"","format":"gallery","meta":[],"categories":[194],"tags":[178],"_links":{"self":[{"href":"https:\/\/gobernacionaltaverapaz.gob.gt\/index.php?rest_route=\/wp\/v2\/posts\/10625"}],"collection":[{"href":"https:\/\/gobernacionaltaverapaz.gob.gt\/index.php?rest_route=\/wp\/v2\/posts"}],"about":[{"href":"https:\/\/gobernacionaltaverapaz.gob.gt\/index.php?rest_route=\/wp\/v2\/types\/post"}],"author":[{"embeddable":true,"href":"https:\/\/gobernacionaltaverapaz.gob.gt\/index.php?rest_route=\/wp\/v2\/users\/1"}],"replies":[{"embeddable":true,"href":"https:\/\/gobernacionaltaverapaz.gob.gt\/index.php?rest_route=%2Fwp%2Fv2%2Fcomments&post=10625"}],"version-history":[{"count":1,"href":"https:\/\/gobernacionaltaverapaz.gob.gt\/index.php?rest_route=\/wp\/v2\/posts\/10625\/revisions"}],"predecessor-version":[{"id":10626,"href":"https:\/\/gobernacionaltaverapaz.gob.gt\/index.php?rest_route=\/wp\/v2\/posts\/10625\/revisions\/10626"}],"wp:featuredmedia":[{"embeddable":true,"href":"https:\/\/gobernacionaltaverapaz.gob.gt\/index.php?rest_route=\/wp\/v2\/media\/10612"}],"wp:attachment":[{"href":"https:\/\/gobernacionaltaverapaz.gob.gt\/index.php?rest_route=%2Fwp%2Fv2%2Fmedia&parent=10625"}],"wp:term":[{"taxonomy":"category","embeddable":true,"href":"https:\/\/gobernacionaltaverapaz.gob.gt\/index.php?rest_route=%2Fwp%2Fv2%2Fcategories&post=10625"},{"taxonomy":"post_tag","embeddable":true,"href":"https:\/\/gobernacionaltaverapaz.gob.gt\/index.php?rest_route=%2Fwp%2Fv2%2Ftags&post=10625"}],"curies":[{"name":"wp","href":"https:\/\/api.w.org\/{rel}","templated":true}]}}