{"id":10646,"date":"2021-04-26T14:17:34","date_gmt":"2021-04-26T20:17:34","guid":{"rendered":"https:\/\/gobernacionaltaverapaz.gob.gt\/?p=10646"},"modified":"2021-04-26T16:40:30","modified_gmt":"2021-04-26T22:40:30","slug":"reunin-del-centro-de-operaciones-de-emergencia-departamental-de-alta-verapaz","status":"publish","type":"post","link":"https:\/\/gobernacionaltaverapaz.gob.gt\/?p=10646","title":{"rendered":"Reuni\u00f3n del Centro de Operaciones de Emergencia Departamental de Alta Verapaz"},"content":{"rendered":"<p style=\"text-align: justify;\">Cob\u00e1n, Alta Verapaz, 26 abril de 2021. Gobernador Departamental, Romel Manuel Veliz Castro, en su calidad de Director del COED-A.V,\u00a0 presidio reuni\u00f3n de trabajo del Centro de Operaciones de Emergencia, para conocer y aprobar el Plan de campa\u00f1a de vacunaci\u00f3n COVID-19.<\/p>\n<p style=\"text-align: justify;\">El Dra. Lisbeth Cajas Epidemi\u00f3loga de la Direcci\u00f3n del \u00c1rea de Salud de Alta Verapaz, resalt\u00f3 la importancia de presentar el plan de Campa\u00f1a de Vacunaci\u00f3n, la planificaci\u00f3n, capacitaci\u00f3n del personal vacunador, promoci\u00f3n y comunicaci\u00f3n, vacunaci\u00f3n segura y monitoreo, supervisi\u00f3n y evaluaci\u00f3n, que son los componentes esenciales para asegurar\u00a0 el \u00e9xito del plan departamental de vacunaci\u00f3n ya que la cantidad total a vacunar es de 155,379 personas como poblaci\u00f3n meta, as\u00ed mismo resalto que antes de la vacunaci\u00f3n se instalaran Kioscos para personas de 70 a\u00f1os a m\u00e1s mismas que se coordinaran con las autoridades locales e instituciones del estado.<\/p>\n<p>&nbsp;<\/p>\n<div><\/div>\n","protected":false},"excerpt":{"rendered":"<p>Cob\u00e1n, Alta Verapaz, 26 abril de 2021. Gobernador Departamental, Romel Manuel Veliz Castro, en su calidad de Director del COED-A.V,\u00a0 presidio reuni\u00f3n de trabajo del Centro de Operaciones de Emergencia, para conocer y aprobar el Plan de campa\u00f1a de vacunaci\u00f3n COVID-19. El Dra. Lisbeth Cajas Epidemi\u00f3loga de la Direcci\u00f3n del \u00c1rea de Salud de Alta [&hellip;]<\/p>\n","protected":false},"author":1,"featured_media":10641,"comment_status":"closed","ping_status":"open","sticky":false,"template":"","format":"gallery","meta":[],"categories":[194],"tags":[178],"_links":{"self":[{"href":"https:\/\/gobernacionaltaverapaz.gob.gt\/index.php?rest_route=\/wp\/v2\/posts\/10646"}],"collection":[{"href":"https:\/\/gobernacionaltaverapaz.gob.gt\/index.php?rest_route=\/wp\/v2\/posts"}],"about":[{"href":"https:\/\/gobernacionaltaverapaz.gob.gt\/index.php?rest_route=\/wp\/v2\/types\/post"}],"author":[{"embeddable":true,"href":"https:\/\/gobernacionaltaverapaz.gob.gt\/index.php?rest_route=\/wp\/v2\/users\/1"}],"replies":[{"embeddable":true,"href":"https:\/\/gobernacionaltaverapaz.gob.gt\/index.php?rest_route=%2Fwp%2Fv2%2Fcomments&post=10646"}],"version-history":[{"count":1,"href":"https:\/\/gobernacionaltaverapaz.gob.gt\/index.php?rest_route=\/wp\/v2\/posts\/10646\/revisions"}],"predecessor-version":[{"id":10647,"href":"https:\/\/gobernacionaltaverapaz.gob.gt\/index.php?rest_route=\/wp\/v2\/posts\/10646\/revisions\/10647"}],"wp:featuredmedia":[{"embeddable":true,"href":"https:\/\/gobernacionaltaverapaz.gob.gt\/index.php?rest_route=\/wp\/v2\/media\/10641"}],"wp:attachment":[{"href":"https:\/\/gobernacionaltaverapaz.gob.gt\/index.php?rest_route=%2Fwp%2Fv2%2Fmedia&parent=10646"}],"wp:term":[{"taxonomy":"category","embeddable":true,"href":"https:\/\/gobernacionaltaverapaz.gob.gt\/index.php?rest_route=%2Fwp%2Fv2%2Fcategories&post=10646"},{"taxonomy":"post_tag","embeddable":true,"href":"https:\/\/gobernacionaltaverapaz.gob.gt\/index.php?rest_route=%2Fwp%2Fv2%2Ftags&post=10646"}],"curies":[{"name":"wp","href":"https:\/\/api.w.org\/{rel}","templated":true}]}}