{"id":10667,"date":"2021-04-26T21:07:16","date_gmt":"2021-04-27T03:07:16","guid":{"rendered":"https:\/\/gobernacionaltaverapaz.gob.gt\/?p=10667"},"modified":"2021-04-29T12:52:52","modified_gmt":"2021-04-29T18:52:52","slug":"reunin-de-la-comisin-agraria-departamental","status":"publish","type":"post","link":"https:\/\/gobernacionaltaverapaz.gob.gt\/?p=10667","title":{"rendered":"Reuni\u00f3n de la Comisi\u00f3n Agraria Departamental"},"content":{"rendered":"<p style=\"text-align: justify;\">Gobernador Departamental, Romel Manuel Veliz Castro, presidi\u00f3 reuni\u00f3n de trabajo para abordar la problem\u00e1tica latente de la invasi\u00f3n y deforestaci\u00f3n del espacio terrestre del Ministerio de la Defensa ubicado a un costado de la F\u00e1brica de Municiones, en el municipio de Cob\u00e1n.<\/p>\n<p style=\"text-align: justify;\">Dicha problem\u00e1tica data desde el a\u00f1o 2,013, raz\u00f3n por la cual en mesa de di\u00e1logo y con apoyo de diferentes instituciones se ha estado trabajando con el fin de recuperar dichas \u00e1reas con el fin de resguardar la fauna y flora, proteger los recursos naturales del municipio de Cob\u00e1n, Alta Verapaz.<\/p>\n<p>&nbsp;<\/p>\n<div><\/div>\n<div><\/div>\n<p>&nbsp;<\/p>\n","protected":false},"excerpt":{"rendered":"<p>Gobernador Departamental, Romel Manuel Veliz Castro, presidi\u00f3 reuni\u00f3n de trabajo para abordar la problem\u00e1tica latente de la invasi\u00f3n y deforestaci\u00f3n del espacio terrestre del Ministerio de la Defensa ubicado a un costado de la F\u00e1brica de Municiones, en el municipio de Cob\u00e1n. Dicha problem\u00e1tica data desde el a\u00f1o 2,013, raz\u00f3n por la cual en mesa [&hellip;]<\/p>\n","protected":false},"author":1,"featured_media":10664,"comment_status":"closed","ping_status":"open","sticky":false,"template":"","format":"gallery","meta":[],"categories":[194],"tags":[178],"_links":{"self":[{"href":"https:\/\/gobernacionaltaverapaz.gob.gt\/index.php?rest_route=\/wp\/v2\/posts\/10667"}],"collection":[{"href":"https:\/\/gobernacionaltaverapaz.gob.gt\/index.php?rest_route=\/wp\/v2\/posts"}],"about":[{"href":"https:\/\/gobernacionaltaverapaz.gob.gt\/index.php?rest_route=\/wp\/v2\/types\/post"}],"author":[{"embeddable":true,"href":"https:\/\/gobernacionaltaverapaz.gob.gt\/index.php?rest_route=\/wp\/v2\/users\/1"}],"replies":[{"embeddable":true,"href":"https:\/\/gobernacionaltaverapaz.gob.gt\/index.php?rest_route=%2Fwp%2Fv2%2Fcomments&post=10667"}],"version-history":[{"count":1,"href":"https:\/\/gobernacionaltaverapaz.gob.gt\/index.php?rest_route=\/wp\/v2\/posts\/10667\/revisions"}],"predecessor-version":[{"id":10668,"href":"https:\/\/gobernacionaltaverapaz.gob.gt\/index.php?rest_route=\/wp\/v2\/posts\/10667\/revisions\/10668"}],"wp:featuredmedia":[{"embeddable":true,"href":"https:\/\/gobernacionaltaverapaz.gob.gt\/index.php?rest_route=\/wp\/v2\/media\/10664"}],"wp:attachment":[{"href":"https:\/\/gobernacionaltaverapaz.gob.gt\/index.php?rest_route=%2Fwp%2Fv2%2Fmedia&parent=10667"}],"wp:term":[{"taxonomy":"category","embeddable":true,"href":"https:\/\/gobernacionaltaverapaz.gob.gt\/index.php?rest_route=%2Fwp%2Fv2%2Fcategories&post=10667"},{"taxonomy":"post_tag","embeddable":true,"href":"https:\/\/gobernacionaltaverapaz.gob.gt\/index.php?rest_route=%2Fwp%2Fv2%2Ftags&post=10667"}],"curies":[{"name":"wp","href":"https:\/\/api.w.org\/{rel}","templated":true}]}}