{"id":10675,"date":"2021-04-30T14:41:15","date_gmt":"2021-04-30T20:41:15","guid":{"rendered":"https:\/\/gobernacionaltaverapaz.gob.gt\/?p=10675"},"modified":"2021-05-03T09:55:41","modified_gmt":"2021-05-03T15:55:41","slug":"ejrcito-de-ee-uu-apoyar-al-desarrollo-de-alta-verapaz","status":"publish","type":"post","link":"https:\/\/gobernacionaltaverapaz.gob.gt\/?p=10675","title":{"rendered":"Ej\u00e9rcito de EE. UU. apoyar\u00e1 al desarrollo de Alta Verapaz"},"content":{"rendered":"<p style=\"text-align: justify;\">Entidad castrense prev\u00e9 ejecutar diversos proyectos en beneficio de la poblaci\u00f3n del departamento.<\/p>\n<p style=\"text-align: justify;\">Personal del Equipo de Asuntos Civiles del Ej\u00e9rcito de Estados Unidos visit\u00f3 este viernes la Gobernaci\u00f3n Departamental de Alta Verapaz.<\/p>\n<p style=\"text-align: justify;\">El acercamiento tuvo como objetivo establecer los lineamientos para la cooperaci\u00f3n que la entidad castrense brindar\u00e1 a la poblaci\u00f3n, por medio de diferentes proyectos.<\/p>\n<p style=\"text-align: justify;\">Uno de ellos es el remozamiento de establecimientos educativos afectados a finales del a\u00f1o pasado por las depresiones tropicales Eta y Iota. Tambi\u00e9n se contempla la construcci\u00f3n de pozos y distribuci\u00f3n de ecofiltros en comunidades con poco acceso al agua potable.<\/p>\n<p style=\"text-align: justify;\">Adem\u00e1s, se prev\u00e9n acciones para prevenir el coronavirus (COVID-19), as\u00ed como el fortalecimiento de hospitales.<\/p>\n<p style=\"text-align: justify;\">Para el Se\u00f1or Gobernador Romel Manuel V\u00e9liz Castro, esta ayuda es importante, pues contribuir\u00e1 al progreso de localidades con mayor necesidad.<\/p>\n<p style=\"text-align: justify;\">Asimismo, hizo ver que las acciones planteadas favorecer\u00e1n la reactivaci\u00f3n econ\u00f3mica, salud y educaci\u00f3n de los vecinos.<\/p>\n<p style=\"text-align: justify;\">Agradezco este acercamiento del Equipo de Asuntos Civiles del Ej\u00e9rcito de Estados Unidos, pues su colaboraci\u00f3n se sumar\u00e1 a las medidas que se implementan desde el Gobierno central a favor del desarrollo de la poblaci\u00f3n, dijo.<\/p>\n<p style=\"text-align: justify;\">Agreg\u00f3 que, en materia de seguridad, el ente militar tambi\u00e9n capacitar\u00e1 a elementos de la Polic\u00eda Nacional Civil en prevenci\u00f3n de la violencia.<\/p>\n<p style=\"text-align: justify;\">La instrucci\u00f3n se dirigir\u00e1 a agentes destacados en las subestaciones del departamento, con quienes tambi\u00e9n se coordinar\u00e1n diversos proyectos en la materia.<\/p>\n<p style=\"text-align: justify;\">En la reuni\u00f3n celebrada en territorio altaverapacense participaron, adem\u00e1s, autoridades del Ej\u00e9rcito de Guatemala.<\/p>\n<p style=\"text-align: justify;\">Cooperaci\u00f3n constante.<\/p>\n<p style=\"text-align: justify;\">El Ej\u00e9rcito de EE. UU. apoya a otras agencias dentro de la Embajada de ese pa\u00eds en Guatemala en esfuerzos antinarc\u00f3ticos; adem\u00e1s, ayuda en operaciones de b\u00fasqueda y rescate en la regi\u00f3n.<\/p>\n<p style=\"text-align: justify;\">Otras acciones en las que tiene presencia son el traslado de ayuda humanitaria durante desastres naturales y colaboraci\u00f3n en acciones c\u00edvicas en distintos puntos de la naci\u00f3n.<\/p>\n<p>&nbsp;<\/p>\n<div><\/div>\n","protected":false},"excerpt":{"rendered":"<p>Entidad castrense prev\u00e9 ejecutar diversos proyectos en beneficio de la poblaci\u00f3n del departamento. Personal del Equipo de Asuntos Civiles del Ej\u00e9rcito de Estados Unidos visit\u00f3 este viernes la Gobernaci\u00f3n Departamental de Alta Verapaz. El acercamiento tuvo como objetivo establecer los lineamientos para la cooperaci\u00f3n que la entidad castrense brindar\u00e1 a la poblaci\u00f3n, por medio de [&hellip;]<\/p>\n","protected":false},"author":1,"featured_media":10670,"comment_status":"closed","ping_status":"open","sticky":false,"template":"","format":"gallery","meta":[],"categories":[194],"tags":[178],"_links":{"self":[{"href":"https:\/\/gobernacionaltaverapaz.gob.gt\/index.php?rest_route=\/wp\/v2\/posts\/10675"}],"collection":[{"href":"https:\/\/gobernacionaltaverapaz.gob.gt\/index.php?rest_route=\/wp\/v2\/posts"}],"about":[{"href":"https:\/\/gobernacionaltaverapaz.gob.gt\/index.php?rest_route=\/wp\/v2\/types\/post"}],"author":[{"embeddable":true,"href":"https:\/\/gobernacionaltaverapaz.gob.gt\/index.php?rest_route=\/wp\/v2\/users\/1"}],"replies":[{"embeddable":true,"href":"https:\/\/gobernacionaltaverapaz.gob.gt\/index.php?rest_route=%2Fwp%2Fv2%2Fcomments&post=10675"}],"version-history":[{"count":1,"href":"https:\/\/gobernacionaltaverapaz.gob.gt\/index.php?rest_route=\/wp\/v2\/posts\/10675\/revisions"}],"predecessor-version":[{"id":10676,"href":"https:\/\/gobernacionaltaverapaz.gob.gt\/index.php?rest_route=\/wp\/v2\/posts\/10675\/revisions\/10676"}],"wp:featuredmedia":[{"embeddable":true,"href":"https:\/\/gobernacionaltaverapaz.gob.gt\/index.php?rest_route=\/wp\/v2\/media\/10670"}],"wp:attachment":[{"href":"https:\/\/gobernacionaltaverapaz.gob.gt\/index.php?rest_route=%2Fwp%2Fv2%2Fmedia&parent=10675"}],"wp:term":[{"taxonomy":"category","embeddable":true,"href":"https:\/\/gobernacionaltaverapaz.gob.gt\/index.php?rest_route=%2Fwp%2Fv2%2Fcategories&post=10675"},{"taxonomy":"post_tag","embeddable":true,"href":"https:\/\/gobernacionaltaverapaz.gob.gt\/index.php?rest_route=%2Fwp%2Fv2%2Ftags&post=10675"}],"curies":[{"name":"wp","href":"https:\/\/api.w.org\/{rel}","templated":true}]}}