{"id":10682,"date":"2021-04-29T16:21:56","date_gmt":"2021-04-29T22:21:56","guid":{"rendered":"https:\/\/gobernacionaltaverapaz.gob.gt\/?p=10682"},"modified":"2021-05-03T10:19:16","modified_gmt":"2021-05-03T16:19:16","slug":"presidente-inaugura-mdulo-educativo-anuncia-remodelacin-de-escuela-en-comunidad-de-cobn","status":"publish","type":"post","link":"https:\/\/gobernacionaltaverapaz.gob.gt\/?p=10682","title":{"rendered":"Presidente Inaugura M\u00f3dulo Educativo y anuncia remodelaci\u00f3n de Escuela en Comunidad de Cob\u00e1n"},"content":{"rendered":"<p style=\"text-align: justify;\">Las acciones para propiciar espacios dignos para el desarrollo del proceso ense\u00f1anza-aprendizaje contin\u00faa en diferentes puntos del pa\u00eds, en seguimiento a una de las prioridades de Gobierno.<\/p>\n<p style=\"text-align: justify;\">En ese marco, se han generado alianzas estrat\u00e9gicas con entidad como el Fondo de las Naciones Unidas para la Infancia (Unicef), la cual contribuy\u00f3 a la habilitaci\u00f3n de un m\u00f3dulo educativo en la aldea Chajmac\u00e1n, de Cob\u00e1n, Alta Verapaz.<\/p>\n<p style=\"text-align: justify;\">Se trata de una comunidad que sufri\u00f3 los efectos de las depresiones tropicales Eta y Iota, que a finales del a\u00f1o pasado golpearon el territorio nacional.<\/p>\n<p style=\"text-align: justify;\">El proyecto se inaugur\u00f3 este jueves, en un acto en el cual particip\u00f3 el presidente Alejandro Giammattei<\/p>\n<p style=\"text-align: justify;\">, autoridades locales y estatales, as\u00ed como integrantes de la comunidad educativa.<\/p>\n<p style=\"text-align: justify;\">Solo en el lugar se beneficiar\u00e1 a m\u00e1s de 200 ni\u00f1os, cuya escuela sufri\u00f3 da\u00f1os debido a los citados fen\u00f3menos clim\u00e1ticos.<\/p>\n<p style=\"text-align: justify;\">La directora, Mar\u00eda Elizabeth Macz, agradeci\u00f3 al mandatario y su equipo de trabajo por el compromiso demostrado con el fortalecimiento de la educaci\u00f3n, un aspecto que tambi\u00e9n fue aplaudido por el presidente de la organizaci\u00f3n de padres de familia de la comunidad, F\u00e9lix Chiqu\u00edn.<\/p>\n<p style=\"text-align: justify;\">Por su parte, el Se\u00f1or Gobernador Romel Manuel V\u00e9liz Castro, indic\u00f3 que el Gobierno central mantiene puesta su atenci\u00f3n en las necesidades de la poblaci\u00f3n alta verapacense y se uni\u00f3 al agradecimiento al jefe de Estado.<\/p>\n<p style=\"text-align: justify;\">De hecho, Giammattei indic\u00f3 que se tiene pendiente la reconstrucci\u00f3n de por lo menos 184 casas en la jurisdicci\u00f3n. Se trata de viviendas que sufrieron da\u00f1os severos a causa de los eventos naturales.<\/p>\n<p style=\"text-align: justify;\">Solo en la cabecera municipal, tenemos mucho trabajo por hacer, pero si lo hacemos unidos saldremos m\u00e1s r\u00e1pido, manifest\u00f3.<\/p>\n<p style=\"text-align: justify;\">En el acto participaron, adem\u00e1s, los ministros de Educaci\u00f3n y Desarrollo Social, Claudia Ru\u00edz y Ra\u00fal Romero, respectivamente.<\/p>\n<div><\/div>\n<p>&nbsp;<\/p>\n","protected":false},"excerpt":{"rendered":"<p>Las acciones para propiciar espacios dignos para el desarrollo del proceso ense\u00f1anza-aprendizaje contin\u00faa en diferentes puntos del pa\u00eds, en seguimiento a una de las prioridades de Gobierno. En ese marco, se han generado alianzas estrat\u00e9gicas con entidad como el Fondo de las Naciones Unidas para la Infancia (Unicef), la cual contribuy\u00f3 a la habilitaci\u00f3n de [&hellip;]<\/p>\n","protected":false},"author":1,"featured_media":10677,"comment_status":"closed","ping_status":"open","sticky":false,"template":"","format":"gallery","meta":[],"categories":[194],"tags":[178],"_links":{"self":[{"href":"https:\/\/gobernacionaltaverapaz.gob.gt\/index.php?rest_route=\/wp\/v2\/posts\/10682"}],"collection":[{"href":"https:\/\/gobernacionaltaverapaz.gob.gt\/index.php?rest_route=\/wp\/v2\/posts"}],"about":[{"href":"https:\/\/gobernacionaltaverapaz.gob.gt\/index.php?rest_route=\/wp\/v2\/types\/post"}],"author":[{"embeddable":true,"href":"https:\/\/gobernacionaltaverapaz.gob.gt\/index.php?rest_route=\/wp\/v2\/users\/1"}],"replies":[{"embeddable":true,"href":"https:\/\/gobernacionaltaverapaz.gob.gt\/index.php?rest_route=%2Fwp%2Fv2%2Fcomments&post=10682"}],"version-history":[{"count":1,"href":"https:\/\/gobernacionaltaverapaz.gob.gt\/index.php?rest_route=\/wp\/v2\/posts\/10682\/revisions"}],"predecessor-version":[{"id":10683,"href":"https:\/\/gobernacionaltaverapaz.gob.gt\/index.php?rest_route=\/wp\/v2\/posts\/10682\/revisions\/10683"}],"wp:featuredmedia":[{"embeddable":true,"href":"https:\/\/gobernacionaltaverapaz.gob.gt\/index.php?rest_route=\/wp\/v2\/media\/10677"}],"wp:attachment":[{"href":"https:\/\/gobernacionaltaverapaz.gob.gt\/index.php?rest_route=%2Fwp%2Fv2%2Fmedia&parent=10682"}],"wp:term":[{"taxonomy":"category","embeddable":true,"href":"https:\/\/gobernacionaltaverapaz.gob.gt\/index.php?rest_route=%2Fwp%2Fv2%2Fcategories&post=10682"},{"taxonomy":"post_tag","embeddable":true,"href":"https:\/\/gobernacionaltaverapaz.gob.gt\/index.php?rest_route=%2Fwp%2Fv2%2Ftags&post=10682"}],"curies":[{"name":"wp","href":"https:\/\/api.w.org\/{rel}","templated":true}]}}