{"id":10693,"date":"2021-05-07T06:59:05","date_gmt":"2021-05-07T12:59:05","guid":{"rendered":"https:\/\/gobernacionaltaverapaz.gob.gt\/?p=10693"},"modified":"2021-05-07T11:42:30","modified_gmt":"2021-05-07T17:42:30","slug":"construccin-centro-comunitario-de-salud-aldea-semuy-chisec","status":"publish","type":"post","link":"https:\/\/gobernacionaltaverapaz.gob.gt\/?p=10693","title":{"rendered":"Construcci\u00f3n Centro Comunitario de Salud, Aldea Semuy, Chisec"},"content":{"rendered":"<p style=\"text-align: justify;\">Gobernador Departamental Romel Manuel V\u00e9liz Castro, realizo visita de trabajo a la Aldea Semuy del Municipio de Chisec donde se verifico el avance f\u00edsico que tiene la obra denominada CONSTRUCCI\u00d3N CENTRO COMUNITARIO DE SALUD, ALDEA SEMUY, CHISEC, ALTA VERAPAZ misma que tiene un avance f\u00edsico del 90% obra que se realiza por las buenas gestiones del se\u00f1or Alcalde Municipal de Chisec, Fidencio Lima, hacia el Consejo Departamental de Desarrollo \u2013CODEDE- y como parte de los compromisos del Presidente Alejandro Giammattei hacia las poblaci\u00f3n Alta Verapacense.<\/p>\n<p style=\"text-align: justify;\">La Aldea Semuy de la Microrregi\u00f3n Semuy, pertenece al municipio de Chisec, Alta Verapaz; cuenta con una poblaci\u00f3n de 1024 habitantes entre hombres, mujeres y ni\u00f1os, los habitantes de la Aldea Semuy contaban con un espacio f\u00edsico, donde ten\u00edan construido una galera en el cual recib\u00edan atenci\u00f3n medica brindada por auxiliares del centro de salud de la Cabecera Municipal a cada determinado tiempo, sin embargo estos servicios eran deficientes por la falta de un edificio adecuado para el resguardo, conservaci\u00f3n y almacenamiento de los medicamentos, as\u00ed\u0301 mismo a la carencia de un espacio adecuado para atenci\u00f3n a mujeres, estas reciben atenci\u00f3n en sus hogares en \u00e1reas que no cumplen con los lineamientos de salud, Con la Construcci\u00f3n Centro Comunitario de Salud, las personas tendr\u00e1n acceso a los servicios b\u00e1sicos de salud con calidad y atenci\u00f3n eficiente, en sus aldea que cumpla con los requisitos de higiene, lo cual contribuir\u00e1\u0301 a disminuir los \u00edndices de morbilidad y mortalidad en la poblaci\u00f3n en general, ya que podr\u00e1n ser atendidos por personal capacitado en instalaciones que cumplan con todos los requerimientos de servicio de salud y el equipo m\u00e9dico adecuado para tener una mejor atenci\u00f3n en los servicios de salud.<\/p>\n<p style=\"text-align: justify;\">Este proyecto consistir\u00e1\u0301 en Construcci\u00f3n Centro Comunitario de Salud, Aldea Semuy, Chisec, Alta Verapaz el cual tendr\u00e1\u0301 un \u00e1rea de construcci\u00f3n de 178 M2.<\/p>\n<p>&nbsp;<\/p>\n<div><\/div>\n","protected":false},"excerpt":{"rendered":"<p>Gobernador Departamental Romel Manuel V\u00e9liz Castro, realizo visita de trabajo a la Aldea Semuy del Municipio de Chisec donde se verifico el avance f\u00edsico que tiene la obra denominada CONSTRUCCI\u00d3N CENTRO COMUNITARIO DE SALUD, ALDEA SEMUY, CHISEC, ALTA VERAPAZ misma que tiene un avance f\u00edsico del 90% obra que se realiza por las buenas gestiones [&hellip;]<\/p>\n","protected":false},"author":1,"featured_media":10684,"comment_status":"closed","ping_status":"open","sticky":false,"template":"","format":"gallery","meta":[],"categories":[195],"tags":[178],"_links":{"self":[{"href":"https:\/\/gobernacionaltaverapaz.gob.gt\/index.php?rest_route=\/wp\/v2\/posts\/10693"}],"collection":[{"href":"https:\/\/gobernacionaltaverapaz.gob.gt\/index.php?rest_route=\/wp\/v2\/posts"}],"about":[{"href":"https:\/\/gobernacionaltaverapaz.gob.gt\/index.php?rest_route=\/wp\/v2\/types\/post"}],"author":[{"embeddable":true,"href":"https:\/\/gobernacionaltaverapaz.gob.gt\/index.php?rest_route=\/wp\/v2\/users\/1"}],"replies":[{"embeddable":true,"href":"https:\/\/gobernacionaltaverapaz.gob.gt\/index.php?rest_route=%2Fwp%2Fv2%2Fcomments&post=10693"}],"version-history":[{"count":1,"href":"https:\/\/gobernacionaltaverapaz.gob.gt\/index.php?rest_route=\/wp\/v2\/posts\/10693\/revisions"}],"predecessor-version":[{"id":10694,"href":"https:\/\/gobernacionaltaverapaz.gob.gt\/index.php?rest_route=\/wp\/v2\/posts\/10693\/revisions\/10694"}],"wp:featuredmedia":[{"embeddable":true,"href":"https:\/\/gobernacionaltaverapaz.gob.gt\/index.php?rest_route=\/wp\/v2\/media\/10684"}],"wp:attachment":[{"href":"https:\/\/gobernacionaltaverapaz.gob.gt\/index.php?rest_route=%2Fwp%2Fv2%2Fmedia&parent=10693"}],"wp:term":[{"taxonomy":"category","embeddable":true,"href":"https:\/\/gobernacionaltaverapaz.gob.gt\/index.php?rest_route=%2Fwp%2Fv2%2Fcategories&post=10693"},{"taxonomy":"post_tag","embeddable":true,"href":"https:\/\/gobernacionaltaverapaz.gob.gt\/index.php?rest_route=%2Fwp%2Fv2%2Ftags&post=10693"}],"curies":[{"name":"wp","href":"https:\/\/api.w.org\/{rel}","templated":true}]}}