{"id":10703,"date":"2021-05-06T07:35:48","date_gmt":"2021-05-06T13:35:48","guid":{"rendered":"https:\/\/gobernacionaltaverapaz.gob.gt\/?p=10703"},"modified":"2021-05-07T12:09:36","modified_gmt":"2021-05-07T18:09:36","slug":"fase-2-de-inscripcin-vacunacin-contra-el-coronavirus-covid19-los-adultos-mayores-de-70-aos-en-el-departamento-de-alta-verapaz","status":"publish","type":"post","link":"https:\/\/gobernacionaltaverapaz.gob.gt\/?p=10703","title":{"rendered":"FASE 2 de inscripci\u00f3n y vacunaci\u00f3n contra el coronavirus (COVID-19) a los adultos mayores de 70 a\u00f1os en el Departamento de Alta Verapaz"},"content":{"rendered":"<p>Gobernador Departamental, Romel Manuel Veliz Castro, d\u00e1ndole seguimiento a la Fase 2 de vacunaci\u00f3n a los adultos mayores de 70 a\u00f1os en el Departamento, realiza coordinaci\u00f3n con el personal de log\u00edstica de cada puesto de registro y vacunaci\u00f3n con el fin de brindar una atenci\u00f3n digna y un servicio de calidad a cada persona que asiste a los puntos establecidos en los 17 Municipios y dos Aldeas del Departamento.<\/p>\n<p>En \u00e9l esta fase se pretende vacunar a 4,220 personas, El Se\u00f1or Gobernador Departamental da el Reconocimiento al personal de Salud P\u00fablica y realiza un llamado a la poblaci\u00f3n Altaverapecense que acudan a inscribirse para poder obtener la vacuna, lo pueden realizar en cualquiera de los quioscos ubicados en los centros de Salud, Frente al Palacio de Gobernaci\u00f3n y las municipalidades, o en el sitio web,<\/p>\n<p><span class=\"d2edcug0 hpfvmrgz qv66sw1b c1et5uql lr9zc1uh a8c37x1j keod5gw0 nxhoafnm aigsh9s9 d3f4x2em fe6kdd0r mau55g9w c8b282yb iv3no6db jq4qci2q a3bd9o3v knj5qynh oo9gr5id hzawbc8m\" dir=\"auto\"><a class=\"oajrlxb2 g5ia77u1 qu0x051f esr5mh6w e9989ue4 r7d6kgcz rq0escxv nhd2j8a9 nc684nl6 p7hjln8o kvgmc6g5 cxmmr5t8 oygrvhab hcukyx3x jb3vyjys rz4wbd8a qt6c0cv9 a8nywdso i1ao9s8h esuyzwwr f1sip0of lzcic4wl py34i1dx gpro0wi8\" tabindex=\"0\" role=\"link\" href=\"http:\/\/www.vacuna.gob.gt\/?fbclid=IwAR2-H_jAGdWS-x692BS170BKts2raEgq1cJY7ohG7VTzsI6ssuDILdQc12s\" target=\"_blank\" rel=\"nofollow noopener\">www.vacuna.gob.gt<\/a><\/span><\/p>\n<p>&nbsp;<\/p>\n<div><\/div>\n","protected":false},"excerpt":{"rendered":"<p>Gobernador Departamental, Romel Manuel Veliz Castro, d\u00e1ndole seguimiento a la Fase 2 de vacunaci\u00f3n a los adultos mayores de 70 a\u00f1os en el Departamento, realiza coordinaci\u00f3n con el personal de log\u00edstica de cada puesto de registro y vacunaci\u00f3n con el fin de brindar una atenci\u00f3n digna y un servicio de calidad a cada persona que [&hellip;]<\/p>\n","protected":false},"author":1,"featured_media":10695,"comment_status":"closed","ping_status":"open","sticky":false,"template":"","format":"gallery","meta":[],"categories":[5],"tags":[178],"_links":{"self":[{"href":"https:\/\/gobernacionaltaverapaz.gob.gt\/index.php?rest_route=\/wp\/v2\/posts\/10703"}],"collection":[{"href":"https:\/\/gobernacionaltaverapaz.gob.gt\/index.php?rest_route=\/wp\/v2\/posts"}],"about":[{"href":"https:\/\/gobernacionaltaverapaz.gob.gt\/index.php?rest_route=\/wp\/v2\/types\/post"}],"author":[{"embeddable":true,"href":"https:\/\/gobernacionaltaverapaz.gob.gt\/index.php?rest_route=\/wp\/v2\/users\/1"}],"replies":[{"embeddable":true,"href":"https:\/\/gobernacionaltaverapaz.gob.gt\/index.php?rest_route=%2Fwp%2Fv2%2Fcomments&post=10703"}],"version-history":[{"count":1,"href":"https:\/\/gobernacionaltaverapaz.gob.gt\/index.php?rest_route=\/wp\/v2\/posts\/10703\/revisions"}],"predecessor-version":[{"id":10704,"href":"https:\/\/gobernacionaltaverapaz.gob.gt\/index.php?rest_route=\/wp\/v2\/posts\/10703\/revisions\/10704"}],"wp:featuredmedia":[{"embeddable":true,"href":"https:\/\/gobernacionaltaverapaz.gob.gt\/index.php?rest_route=\/wp\/v2\/media\/10695"}],"wp:attachment":[{"href":"https:\/\/gobernacionaltaverapaz.gob.gt\/index.php?rest_route=%2Fwp%2Fv2%2Fmedia&parent=10703"}],"wp:term":[{"taxonomy":"category","embeddable":true,"href":"https:\/\/gobernacionaltaverapaz.gob.gt\/index.php?rest_route=%2Fwp%2Fv2%2Fcategories&post=10703"},{"taxonomy":"post_tag","embeddable":true,"href":"https:\/\/gobernacionaltaverapaz.gob.gt\/index.php?rest_route=%2Fwp%2Fv2%2Ftags&post=10703"}],"curies":[{"name":"wp","href":"https:\/\/api.w.org\/{rel}","templated":true}]}}