{"id":10719,"date":"2021-05-07T19:54:00","date_gmt":"2021-05-08T01:54:00","guid":{"rendered":"https:\/\/gobernacionaltaverapaz.gob.gt\/?p=10719"},"modified":"2021-05-13T16:08:31","modified_gmt":"2021-05-13T22:08:31","slug":"inauguracin-de-rehabilitacin-sistema-de-agua-potable-aldea-campur","status":"publish","type":"post","link":"https:\/\/gobernacionaltaverapaz.gob.gt\/?p=10719","title":{"rendered":"Inauguraci\u00f3n de rehabilitaci\u00f3n Sistema de Agua Potable Aldea Campur del municipio de San Pedro Carcha"},"content":{"rendered":"<p style=\"text-align: justify;\">El fondo de las Naciones para la Infancia \u2013UNICEF-, junto a su socio Helvetas y gracias al generoso apoyo del Gobierno de Jap\u00f3n, hicieron entrega de cuatro sistemas de agua rehabilitados en la aldea Campur del municipio de San Pedro Carcha, una de las zonas m\u00e1s afectadas por el paso de los huracanes ETA e IOTA.<\/p>\n<p style=\"text-align: justify;\">En la actividad participo el Se\u00f1or Gobernador Departamental, Romel Manuel Veliz Ca<span class=\"textexposedshow\">stro, quien agradeci\u00f3 el apoyo brindado por el gobierno de Jap\u00f3n quien no ha escatimado esfuerzos para apoyar a familias que estuvieron en riesgo ante las huracanes y propagaci\u00f3n del Covid-19, as\u00ed mismo resalto la importancia de las relaciones de amistad y cooperaci\u00f3n bilateral del presidente <a href=\"https:\/\/www.facebook.com\/AlejandroGiammattei\/?fref=mentions&amp;__xts__%5B0%5D=68.ARDiS-eEK46Kx-sF0OA4gQmYr-jn66ukDf6JRthPKzDo3DUncYJRlbKSqUdC1bAGRcB3z_NwOTh9SJ4SadHfHbdVm954X-1CZc6V5q5IO9lfoK1TkvfZ3RaL3CRZCcAMnEN4jDWBjeheoVedVYctkmn7unyB0zVqzo8zlZOB_0cjSEnL3oDWa3jzgv_yotlz9UG4c9j0rwaCQ_gHJKVlOAhreG7P0p03E3RtvSrV7tEDXkO-gt1dpTgUsFev1dUwkbjpI8gSF2dBHISPj9-YiXKK-NwKQ3qorefpZo7lPXspG7DeqPVQtQ&amp;__tn__=K-R\" target=\"_blank\" rel=\"noopener\">Alejandro Giammattei<\/a>, para que este tipo de apoyo llegue a las comunidades m\u00e1s afectadas. <\/span><\/p>\n<p style=\"text-align: justify;\">Se tuvo la presencia del Excelent\u00edsimo Embajador de Jap\u00f3n en Guatemala, Se\u00f1or Yamamoto Tsuyoshi, quien dijo; \u00a8Me complace hacer la entrega oficial de los cuatro sistemas de agua que se rehabilitaron en la comunidad de Campur, En representaci\u00f3n del Gobierno y del pueblo del Jap\u00f3n, reitero nuestro compromiso con Guatemala para apoyar a las personas afectadas por las tormentas a volver a la normalidad y que cuenten con acceso al agua y al saneamiento de calidad\u00a8<\/p>\n<p style=\"text-align: justify;\">Con el aporte del Gobierno de Jap\u00f3n de US$250.00, equivalente aproximadamente a Q 1,922,500, se rehabilitaron estos cuatro sistemas de agua en Campur beneficiando a 1,778 personas, entre ellos 724 ni\u00f1as y ni\u00f1os; se entregaron 450 Kits de higiene familiar en 6 comunidades de San Pedro Carcha e Izabal beneficiando a 2,304 personas; se rehabilitara la infraestructura sanitaria de 7 escuelas de Alta Verapaz; y se implementar\u00e1 una campa\u00f1a de comunicaci\u00f3n para reforzar los h\u00e1bitos de lavado de manos, consumo de agua segura y mantenimiento de letrinas en 12 comunidades alcanzando a 10,000 personas.<\/p>\n<p><a href=\"https:\/\/www.facebook.com\/hashtag\/guatemalanosedetiene?__eep__=6&amp;source=feed_text&amp;epa=HASHTAG&amp;__xts__%5B0%5D=68.ARDiS-eEK46Kx-sF0OA4gQmYr-jn66ukDf6JRthPKzDo3DUncYJRlbKSqUdC1bAGRcB3z_NwOTh9SJ4SadHfHbdVm954X-1CZc6V5q5IO9lfoK1TkvfZ3RaL3CRZCcAMnEN4jDWBjeheoVedVYctkmn7unyB0zVqzo8zlZOB_0cjSEnL3oDWa3jzgv_yotlz9UG4c9j0rwaCQ_gHJKVlOAhreG7P0p03E3RtvSrV7tEDXkO-gt1dpTgUsFev1dUwkbjpI8gSF2dBHISPj9-YiXKK-NwKQ3qorefpZo7lPXspG7DeqPVQtQ&amp;__tn__=%2ANK-R\" target=\"_blank\" rel=\"noopener\" data-ft=\"{&quot;type&quot;:104,&quot;tn&quot;:&quot;*N&quot;}\"><span class=\"58cl\"><span aria-label=\"hashtag\"><span style=\"text-decoration: none; text-underline: none;\">#<\/span><\/span><\/span><span class=\"58cm\">GuatemalaNoSeDetiene<\/span><\/a><br \/>\n<a href=\"https:\/\/www.facebook.com\/hashtag\/juntossaldremosadelante?__eep__=6&amp;source=feed_text&amp;epa=HASHTAG&amp;__xts__%5B0%5D=68.ARDiS-eEK46Kx-sF0OA4gQmYr-jn66ukDf6JRthPKzDo3DUncYJRlbKSqUdC1bAGRcB3z_NwOTh9SJ4SadHfHbdVm954X-1CZc6V5q5IO9lfoK1TkvfZ3RaL3CRZCcAMnEN4jDWBjeheoVedVYctkmn7unyB0zVqzo8zlZOB_0cjSEnL3oDWa3jzgv_yotlz9UG4c9j0rwaCQ_gHJKVlOAhreG7P0p03E3RtvSrV7tEDXkO-gt1dpTgUsFev1dUwkbjpI8gSF2dBHISPj9-YiXKK-NwKQ3qorefpZo7lPXspG7DeqPVQtQ&amp;__tn__=%2ANK-R\" target=\"_blank\" rel=\"noopener\" data-ft=\"{&quot;type&quot;:104,&quot;tn&quot;:&quot;*N&quot;}\"><span class=\"58cl\"><span aria-label=\"hashtag\"><span style=\"text-decoration: none; text-underline: none;\">#<\/span><\/span><\/span><span class=\"58cm\">JuntosSaldremosAdelante<\/span><\/a><br \/>\n<a href=\"https:\/\/www.facebook.com\/hashtag\/diplomaciacomercialgt?__eep__=6&amp;source=feed_text&amp;epa=HASHTAG&amp;__xts__%5B0%5D=68.ARDiS-eEK46Kx-sF0OA4gQmYr-jn66ukDf6JRthPKzDo3DUncYJRlbKSqUdC1bAGRcB3z_NwOTh9SJ4SadHfHbdVm954X-1CZc6V5q5IO9lfoK1TkvfZ3RaL3CRZCcAMnEN4jDWBjeheoVedVYctkmn7unyB0zVqzo8zlZOB_0cjSEnL3oDWa3jzgv_yotlz9UG4c9j0rwaCQ_gHJKVlOAhreG7P0p03E3RtvSrV7tEDXkO-gt1dpTgUsFev1dUwkbjpI8gSF2dBHISPj9-YiXKK-NwKQ3qorefpZo7lPXspG7DeqPVQtQ&amp;__tn__=%2ANK-R\" target=\"_blank\" rel=\"noopener\" data-ft=\"{&quot;type&quot;:104,&quot;tn&quot;:&quot;*N&quot;}\"><span class=\"58cl\"><span aria-label=\"hashtag\"><span style=\"text-decoration: none; text-underline: none;\">#<\/span><\/span><\/span><span class=\"58cm\">DiplomaciaComercialGT<\/span><\/a><br \/>\n<a href=\"https:\/\/www.facebook.com\/hashtag\/diplomaciaculturalgt?__eep__=6&amp;source=feed_text&amp;epa=HASHTAG&amp;__xts__%5B0%5D=68.ARDiS-eEK46Kx-sF0OA4gQmYr-jn66ukDf6JRthPKzDo3DUncYJRlbKSqUdC1bAGRcB3z_NwOTh9SJ4SadHfHbdVm954X-1CZc6V5q5IO9lfoK1TkvfZ3RaL3CRZCcAMnEN4jDWBjeheoVedVYctkmn7unyB0zVqzo8zlZOB_0cjSEnL3oDWa3jzgv_yotlz9UG4c9j0rwaCQ_gHJKVlOAhreG7P0p03E3RtvSrV7tEDXkO-gt1dpTgUsFev1dUwkbjpI8gSF2dBHISPj9-YiXKK-NwKQ3qorefpZo7lPXspG7DeqPVQtQ&amp;__tn__=%2ANK-R\" target=\"_blank\" rel=\"noopener\" data-ft=\"{&quot;type&quot;:104,&quot;tn&quot;:&quot;*N&quot;}\"><span class=\"58cl\"><span aria-label=\"hashtag\"><span style=\"text-decoration: none; text-underline: none;\">#<\/span><\/span><\/span><span class=\"58cm\">DiplomaciaCulturalGT<\/span><\/a><\/p>\n<div><\/div>\n","protected":false},"excerpt":{"rendered":"<p>El fondo de las Naciones para la Infancia \u2013UNICEF-, junto a su socio Helvetas y gracias al generoso apoyo del Gobierno de Jap\u00f3n, hicieron entrega de cuatro sistemas de agua rehabilitados en la aldea Campur del municipio de San Pedro Carcha, una de las zonas m\u00e1s afectadas por el paso de los huracanes ETA e [&hellip;]<\/p>\n","protected":false},"author":1,"featured_media":10722,"comment_status":"closed","ping_status":"open","sticky":false,"template":"","format":"gallery","meta":[],"categories":[173],"tags":[178],"_links":{"self":[{"href":"https:\/\/gobernacionaltaverapaz.gob.gt\/index.php?rest_route=\/wp\/v2\/posts\/10719"}],"collection":[{"href":"https:\/\/gobernacionaltaverapaz.gob.gt\/index.php?rest_route=\/wp\/v2\/posts"}],"about":[{"href":"https:\/\/gobernacionaltaverapaz.gob.gt\/index.php?rest_route=\/wp\/v2\/types\/post"}],"author":[{"embeddable":true,"href":"https:\/\/gobernacionaltaverapaz.gob.gt\/index.php?rest_route=\/wp\/v2\/users\/1"}],"replies":[{"embeddable":true,"href":"https:\/\/gobernacionaltaverapaz.gob.gt\/index.php?rest_route=%2Fwp%2Fv2%2Fcomments&post=10719"}],"version-history":[{"count":3,"href":"https:\/\/gobernacionaltaverapaz.gob.gt\/index.php?rest_route=\/wp\/v2\/posts\/10719\/revisions"}],"predecessor-version":[{"id":10740,"href":"https:\/\/gobernacionaltaverapaz.gob.gt\/index.php?rest_route=\/wp\/v2\/posts\/10719\/revisions\/10740"}],"wp:featuredmedia":[{"embeddable":true,"href":"https:\/\/gobernacionaltaverapaz.gob.gt\/index.php?rest_route=\/wp\/v2\/media\/10722"}],"wp:attachment":[{"href":"https:\/\/gobernacionaltaverapaz.gob.gt\/index.php?rest_route=%2Fwp%2Fv2%2Fmedia&parent=10719"}],"wp:term":[{"taxonomy":"category","embeddable":true,"href":"https:\/\/gobernacionaltaverapaz.gob.gt\/index.php?rest_route=%2Fwp%2Fv2%2Fcategories&post=10719"},{"taxonomy":"post_tag","embeddable":true,"href":"https:\/\/gobernacionaltaverapaz.gob.gt\/index.php?rest_route=%2Fwp%2Fv2%2Ftags&post=10719"}],"curies":[{"name":"wp","href":"https:\/\/api.w.org\/{rel}","templated":true}]}}