{"id":10741,"date":"2021-05-11T11:14:53","date_gmt":"2021-05-11T17:14:53","guid":{"rendered":"https:\/\/gobernacionaltaverapaz.gob.gt\/?p=10741"},"modified":"2021-05-13T16:26:13","modified_gmt":"2021-05-13T22:26:13","slug":"coordinacin-interinstitucional-en-atencin-la-conflictividad-agroambiental-social-del-departamento-de-alta-verapaz","status":"publish","type":"post","link":"https:\/\/gobernacionaltaverapaz.gob.gt\/?p=10741","title":{"rendered":"Coordinaci\u00f3n Interinstitucional en atenci\u00f3n a la conflictividad agroambiental y social del Departamento de Alta Verapaz"},"content":{"rendered":"<p style=\"text-align: justify;\">Como parte de la coordinaci\u00f3n interinstitucional que se realiza en nuestro Departamento el se\u00f1or Gobernador Departamental, Romel Manuel V\u00e9liz Castro, sostuvo reuni\u00f3n de trabajo con el objetivo de actualizar los protocolos institucionales del ejecutivo en el Departamento para atender la conflictividad.<\/p>\n<p style=\"text-align: justify;\">Con esto se espera elaborar una propuesta de protocolo <span class=\"textexposedshow\">departamental que permita viabilizar la aplicaci\u00f3n de sus funciones logrando as\u00ed restaurar el orden social y la gobernabilidad en nuestro Departamento, cabe resaltar que esta reuni\u00f3n se cont\u00f3 con la participaci\u00f3n de las siguientes instituciones; PDH, COPADE, PNC, MP, MINISTERIO DE SALUD, MINISTERIO DE EDUCACI\u00d3N, DEMI, CONAP, INAB, MUNI COBAN, CAD, MINISTERIO DE LA DEFENSA, CONRED, MARN, FONDO DE TIERRAS, PGN y COCODES del \u00e1rea urbana que fortalecer\u00e1n los procesos.<\/span><\/p>\n<p><a href=\"https:\/\/www.facebook.com\/hashtag\/guatemalanosedetiene?__eep__=6&amp;source=feed_text&amp;epa=HASHTAG&amp;__xts__%5B0%5D=68.ARD3d5keRyHj6luIq7ewL1HtpVLQtzQO6OC1FuhhZTCiCJHGB07KkTs0Cd2phIdBljr_CCgSs6zj_rKAk6YccTd-Er2YTPyy7l0C8eAgkqveKkBLgvVjQL71FrvfLLghsSttx-ZcHubY0cqYwEddyC1O_K5lHC2refITiawl54axvlxuQ_0QDWzgJlxJlfWGUdvo3n05Ijk-WBhTgct-BWM1OSmSiv8KarPzJDRRAqIg8kKeaMT4pT2seOw36syxnRMmAhLtQ8JflZw_BcvFod21niVuagHBPIRVVTbsK-KHRh100GILVQ&amp;__tn__=%2ANK-R\" target=\"_blank\" rel=\"noopener\" data-ft=\"{&quot;type&quot;:104,&quot;tn&quot;:&quot;*N&quot;}\"><span class=\"58cl\"><span aria-label=\"hashtag\"><span style=\"color: blue;\">#<\/span><\/span><\/span><span class=\"58cm\"><span style=\"color: blue;\">GuatemalaNoSeDetiene<\/span><\/span><\/a><br \/>\n<a href=\"https:\/\/www.facebook.com\/hashtag\/juntossaldremosadelante?__eep__=6&amp;source=feed_text&amp;epa=HASHTAG&amp;__xts__%5B0%5D=68.ARD3d5keRyHj6luIq7ewL1HtpVLQtzQO6OC1FuhhZTCiCJHGB07KkTs0Cd2phIdBljr_CCgSs6zj_rKAk6YccTd-Er2YTPyy7l0C8eAgkqveKkBLgvVjQL71FrvfLLghsSttx-ZcHubY0cqYwEddyC1O_K5lHC2refITiawl54axvlxuQ_0QDWzgJlxJlfWGUdvo3n05Ijk-WBhTgct-BWM1OSmSiv8KarPzJDRRAqIg8kKeaMT4pT2seOw36syxnRMmAhLtQ8JflZw_BcvFod21niVuagHBPIRVVTbsK-KHRh100GILVQ&amp;__tn__=%2ANK-R\" target=\"_blank\" rel=\"noopener\" data-ft=\"{&quot;type&quot;:104,&quot;tn&quot;:&quot;*N&quot;}\"><span class=\"58cl\"><span aria-label=\"hashtag\"><span style=\"color: blue;\">#<\/span><\/span><\/span><span class=\"58cm\"><span style=\"color: blue;\">JuntosSaldremosAdelante<\/span><\/span><\/a><\/p>\n<div><\/div>\n","protected":false},"excerpt":{"rendered":"<p> El objetivo de actualizar los protocolos institucionales del ejecutivo en el Departamento para atender la conflictividad.<\/p>\n","protected":false},"author":1,"featured_media":10747,"comment_status":"closed","ping_status":"open","sticky":false,"template":"","format":"gallery","meta":[],"categories":[194],"tags":[178],"_links":{"self":[{"href":"https:\/\/gobernacionaltaverapaz.gob.gt\/index.php?rest_route=\/wp\/v2\/posts\/10741"}],"collection":[{"href":"https:\/\/gobernacionaltaverapaz.gob.gt\/index.php?rest_route=\/wp\/v2\/posts"}],"about":[{"href":"https:\/\/gobernacionaltaverapaz.gob.gt\/index.php?rest_route=\/wp\/v2\/types\/post"}],"author":[{"embeddable":true,"href":"https:\/\/gobernacionaltaverapaz.gob.gt\/index.php?rest_route=\/wp\/v2\/users\/1"}],"replies":[{"embeddable":true,"href":"https:\/\/gobernacionaltaverapaz.gob.gt\/index.php?rest_route=%2Fwp%2Fv2%2Fcomments&post=10741"}],"version-history":[{"count":2,"href":"https:\/\/gobernacionaltaverapaz.gob.gt\/index.php?rest_route=\/wp\/v2\/posts\/10741\/revisions"}],"predecessor-version":[{"id":10751,"href":"https:\/\/gobernacionaltaverapaz.gob.gt\/index.php?rest_route=\/wp\/v2\/posts\/10741\/revisions\/10751"}],"wp:featuredmedia":[{"embeddable":true,"href":"https:\/\/gobernacionaltaverapaz.gob.gt\/index.php?rest_route=\/wp\/v2\/media\/10747"}],"wp:attachment":[{"href":"https:\/\/gobernacionaltaverapaz.gob.gt\/index.php?rest_route=%2Fwp%2Fv2%2Fmedia&parent=10741"}],"wp:term":[{"taxonomy":"category","embeddable":true,"href":"https:\/\/gobernacionaltaverapaz.gob.gt\/index.php?rest_route=%2Fwp%2Fv2%2Fcategories&post=10741"},{"taxonomy":"post_tag","embeddable":true,"href":"https:\/\/gobernacionaltaverapaz.gob.gt\/index.php?rest_route=%2Fwp%2Fv2%2Ftags&post=10741"}],"curies":[{"name":"wp","href":"https:\/\/api.w.org\/{rel}","templated":true}]}}