{"id":10803,"date":"2021-05-18T11:57:11","date_gmt":"2021-05-18T17:57:11","guid":{"rendered":"https:\/\/gobernacionaltaverapaz.gob.gt\/?p=10803"},"modified":"2021-05-19T10:17:16","modified_gmt":"2021-05-19T16:17:16","slug":"reunin-con-la-delegacin-departamental-sesan","status":"publish","type":"post","link":"https:\/\/gobernacionaltaverapaz.gob.gt\/?p=10803","title":{"rendered":"Reuni\u00f3n con la delegaci\u00f3n departamental SESAN"},"content":{"rendered":"<p style=\"text-align: justify;\">Generando un espacio de di\u00e1logo junto a representantes de <a href=\"https:\/\/www.facebook.com\/unicefguatemala\/?__cft__%5b0%5d=AZUTd8OF4RRW6XLMRBz2p6JGRJEcJIkodmQmd6qLH0ORUo-iQZNslt6J8trI67v8nJRvghCNYXSazyogrw_lu-hsItpJ7zQRZTU66NAFmjBhg0rMcMICNz-w7cSKG4OcxnVRvUkrryx5Hpu8vng69Rn8zaOqN1dZ4wNR5p5QLILkAA&amp;__tn__=kK-y-R\" target=\"_blank\" rel=\"noopener\">UNICEF Guatemala<\/a>, la subsecretaria t\u00e9cnica, Lizett Guzm\u00e1n se reuni\u00f3 con el equipo de la delegaci\u00f3n departamental de SESAN en Alta Verapaz para conocer el desarrollo de proyectos a favor de la seguridad alimentaria y nutricional en el departamento.<\/p>\n<p><img decoding=\"async\" loading=\"lazy\" class=\"alignnone wp-image-10806 size-full\" src=\"https:\/\/gobernacionaltaverapaz.gob.gt\/wp-content\/uploads\/2021\/05\/004-5.jpg\" alt=\"\" width=\"900\" height=\"675\" srcset=\"https:\/\/gobernacionaltaverapaz.gob.gt\/wp-content\/uploads\/2021\/05\/004-5.jpg 900w, https:\/\/gobernacionaltaverapaz.gob.gt\/wp-content\/uploads\/2021\/05\/004-5-300x225.jpg 300w, https:\/\/gobernacionaltaverapaz.gob.gt\/wp-content\/uploads\/2021\/05\/004-5-768x576.jpg 768w\" sizes=\"(max-width: 900px) 100vw, 900px\" \/> <img decoding=\"async\" loading=\"lazy\" class=\"alignnone wp-image-10805 size-full\" src=\"https:\/\/gobernacionaltaverapaz.gob.gt\/wp-content\/uploads\/2021\/05\/003-6.jpg\" alt=\"\" width=\"900\" height=\"675\" srcset=\"https:\/\/gobernacionaltaverapaz.gob.gt\/wp-content\/uploads\/2021\/05\/003-6.jpg 900w, https:\/\/gobernacionaltaverapaz.gob.gt\/wp-content\/uploads\/2021\/05\/003-6-300x225.jpg 300w, https:\/\/gobernacionaltaverapaz.gob.gt\/wp-content\/uploads\/2021\/05\/003-6-768x576.jpg 768w\" sizes=\"(max-width: 900px) 100vw, 900px\" \/><\/p>\n","protected":false},"excerpt":{"rendered":"<p>Para conocer el desarrollo de proyectos a favor de la seguridad alimentaria y nutricional en el departamento.<\/p>\n","protected":false},"author":1,"featured_media":10804,"comment_status":"closed","ping_status":"open","sticky":false,"template":"","format":"standard","meta":[],"categories":[5],"tags":[178],"_links":{"self":[{"href":"https:\/\/gobernacionaltaverapaz.gob.gt\/index.php?rest_route=\/wp\/v2\/posts\/10803"}],"collection":[{"href":"https:\/\/gobernacionaltaverapaz.gob.gt\/index.php?rest_route=\/wp\/v2\/posts"}],"about":[{"href":"https:\/\/gobernacionaltaverapaz.gob.gt\/index.php?rest_route=\/wp\/v2\/types\/post"}],"author":[{"embeddable":true,"href":"https:\/\/gobernacionaltaverapaz.gob.gt\/index.php?rest_route=\/wp\/v2\/users\/1"}],"replies":[{"embeddable":true,"href":"https:\/\/gobernacionaltaverapaz.gob.gt\/index.php?rest_route=%2Fwp%2Fv2%2Fcomments&post=10803"}],"version-history":[{"count":2,"href":"https:\/\/gobernacionaltaverapaz.gob.gt\/index.php?rest_route=\/wp\/v2\/posts\/10803\/revisions"}],"predecessor-version":[{"id":10808,"href":"https:\/\/gobernacionaltaverapaz.gob.gt\/index.php?rest_route=\/wp\/v2\/posts\/10803\/revisions\/10808"}],"wp:featuredmedia":[{"embeddable":true,"href":"https:\/\/gobernacionaltaverapaz.gob.gt\/index.php?rest_route=\/wp\/v2\/media\/10804"}],"wp:attachment":[{"href":"https:\/\/gobernacionaltaverapaz.gob.gt\/index.php?rest_route=%2Fwp%2Fv2%2Fmedia&parent=10803"}],"wp:term":[{"taxonomy":"category","embeddable":true,"href":"https:\/\/gobernacionaltaverapaz.gob.gt\/index.php?rest_route=%2Fwp%2Fv2%2Fcategories&post=10803"},{"taxonomy":"post_tag","embeddable":true,"href":"https:\/\/gobernacionaltaverapaz.gob.gt\/index.php?rest_route=%2Fwp%2Fv2%2Ftags&post=10803"}],"curies":[{"name":"wp","href":"https:\/\/api.w.org\/{rel}","templated":true}]}}