{"id":10809,"date":"2021-05-19T10:25:16","date_gmt":"2021-05-19T16:25:16","guid":{"rendered":"https:\/\/gobernacionaltaverapaz.gob.gt\/?p=10809"},"modified":"2021-05-19T10:28:09","modified_gmt":"2021-05-19T16:28:09","slug":"distribucin-de-bolsas-de-alimento-fortificado-nutrinios","status":"publish","type":"post","link":"https:\/\/gobernacionaltaverapaz.gob.gt\/?p=10809","title":{"rendered":"Distribuci\u00f3n de  bolsas de Alimento Fortificado Nutrini\u00f1os"},"content":{"rendered":"<p style=\"text-align: justify;\">Como parte de las acciones interinstitucionales y en el marco de <a href=\"https:\/\/www.facebook.com\/hashtag\/grancruzadanacionalporlanutrici%C3%B3n?__eep__=6&amp;__cft__%5b0%5d=AZXJrr6D7AKci9uvuz_gkbDkw1lT-rDkr5PFjpJ_Bo_jbeaI25erZ09RpwkHe_jl-Y3HgtpVixp4S27PG-3-5yonje0wPoTD7qwXjWuT-gOx7NA6-YoSZ1I9MmVxGgeBUbLCQDMCSqLZNWnApyScrMGv2xXh9fRbSxeiD-KRqbTTMA&amp;__tn__=*NK-y-R\" target=\"_blank\" rel=\"noopener\">#GranCruzadaNacionalPorLaNutrici\u00f3n<\/a> Personal del Mides, MAGA, Sesan, Gobernaci\u00f3n, PNC, OMSAN y de la Municipalidad de Senah\u00fa, iniciaron con la distribuci\u00f3n 22 mil 712 bolsas del Alimento Complementario Fortificado <a href=\"https:\/\/www.facebook.com\/hashtag\/nutrini%C3%B1os?__eep__=6&amp;__cft__%5b0%5d=AZXJrr6D7AKci9uvuz_gkbDkw1lT-rDkr5PFjpJ_Bo_jbeaI25erZ09RpwkHe_jl-Y3HgtpVixp4S27PG-3-5yonje0wPoTD7qwXjWuT-gOx7NA6-YoSZ1I9MmVxGgeBUbLCQDMCSqLZNWnApyScrMGv2xXh9fRbSxeiD-KRqbTTMA&amp;__tn__=*NK-y-R\" target=\"_blank\" rel=\"noopener\">#Nutrini\u00f1os<\/a><\/p>\n<p style=\"text-align: justify;\">El Alimento Complementario Fortificado beneficiar\u00e1 a un total de 5 mil 678 ni\u00f1os del municipio de Senah\u00fa, Alta Verapaz.<\/p>\n<p>\u00a0\u00a0\u00a0\u00a0 <img decoding=\"async\" loading=\"lazy\" class=\"alignnone size-medium wp-image-10811\" src=\"https:\/\/gobernacionaltaverapaz.gob.gt\/wp-content\/uploads\/2021\/05\/001-7-300x225.jpg\" alt=\"\" width=\"300\" height=\"225\" srcset=\"https:\/\/gobernacionaltaverapaz.gob.gt\/wp-content\/uploads\/2021\/05\/001-7-300x225.jpg 300w, https:\/\/gobernacionaltaverapaz.gob.gt\/wp-content\/uploads\/2021\/05\/001-7-768x576.jpg 768w, https:\/\/gobernacionaltaverapaz.gob.gt\/wp-content\/uploads\/2021\/05\/001-7.jpg 900w\" sizes=\"(max-width: 300px) 100vw, 300px\" \/>\u00a0\u00a0\u00a0\u00a0\u00a0\u00a0\u00a0\u00a0\u00a0\u00a0 <img decoding=\"async\" loading=\"lazy\" class=\"alignnone size-medium wp-image-10813\" src=\"https:\/\/gobernacionaltaverapaz.gob.gt\/wp-content\/uploads\/2021\/05\/003-7-300x225.jpg\" alt=\"\" width=\"300\" height=\"225\" srcset=\"https:\/\/gobernacionaltaverapaz.gob.gt\/wp-content\/uploads\/2021\/05\/003-7-300x225.jpg 300w, https:\/\/gobernacionaltaverapaz.gob.gt\/wp-content\/uploads\/2021\/05\/003-7-768x576.jpg 768w, https:\/\/gobernacionaltaverapaz.gob.gt\/wp-content\/uploads\/2021\/05\/003-7.jpg 900w\" sizes=\"(max-width: 300px) 100vw, 300px\" \/><\/p>\n","protected":false},"excerpt":{"rendered":"<p>Iniciaron con la distribuci\u00f3n 22 mil 712 bolsas del Alimento Complementario Fortificado #Nutrini\u00f1os<\/p>\n","protected":false},"author":1,"featured_media":10812,"comment_status":"closed","ping_status":"open","sticky":false,"template":"","format":"standard","meta":[],"categories":[5],"tags":[178],"_links":{"self":[{"href":"https:\/\/gobernacionaltaverapaz.gob.gt\/index.php?rest_route=\/wp\/v2\/posts\/10809"}],"collection":[{"href":"https:\/\/gobernacionaltaverapaz.gob.gt\/index.php?rest_route=\/wp\/v2\/posts"}],"about":[{"href":"https:\/\/gobernacionaltaverapaz.gob.gt\/index.php?rest_route=\/wp\/v2\/types\/post"}],"author":[{"embeddable":true,"href":"https:\/\/gobernacionaltaverapaz.gob.gt\/index.php?rest_route=\/wp\/v2\/users\/1"}],"replies":[{"embeddable":true,"href":"https:\/\/gobernacionaltaverapaz.gob.gt\/index.php?rest_route=%2Fwp%2Fv2%2Fcomments&post=10809"}],"version-history":[{"count":3,"href":"https:\/\/gobernacionaltaverapaz.gob.gt\/index.php?rest_route=\/wp\/v2\/posts\/10809\/revisions"}],"predecessor-version":[{"id":10815,"href":"https:\/\/gobernacionaltaverapaz.gob.gt\/index.php?rest_route=\/wp\/v2\/posts\/10809\/revisions\/10815"}],"wp:featuredmedia":[{"embeddable":true,"href":"https:\/\/gobernacionaltaverapaz.gob.gt\/index.php?rest_route=\/wp\/v2\/media\/10812"}],"wp:attachment":[{"href":"https:\/\/gobernacionaltaverapaz.gob.gt\/index.php?rest_route=%2Fwp%2Fv2%2Fmedia&parent=10809"}],"wp:term":[{"taxonomy":"category","embeddable":true,"href":"https:\/\/gobernacionaltaverapaz.gob.gt\/index.php?rest_route=%2Fwp%2Fv2%2Fcategories&post=10809"},{"taxonomy":"post_tag","embeddable":true,"href":"https:\/\/gobernacionaltaverapaz.gob.gt\/index.php?rest_route=%2Fwp%2Fv2%2Ftags&post=10809"}],"curies":[{"name":"wp","href":"https:\/\/api.w.org\/{rel}","templated":true}]}}