{"id":10816,"date":"2021-05-24T14:44:34","date_gmt":"2021-05-24T20:44:34","guid":{"rendered":"https:\/\/gobernacionaltaverapaz.gob.gt\/?p=10816"},"modified":"2021-05-26T16:38:48","modified_gmt":"2021-05-26T22:38:48","slug":"entrega-de-ampliacin-de-escuela-primaria-casero-pansinic-tactic-av","status":"publish","type":"post","link":"https:\/\/gobernacionaltaverapaz.gob.gt\/?p=10816","title":{"rendered":"Entrega de Ampliaci\u00f3n de Escuela Primaria Caser\u00edo Pansinic, Tactic A.V."},"content":{"rendered":"<p style=\"text-align: justify;\">En la Villa de Tactic Departamento de Alta Verapaz, vecinos del Caser\u00edo Pansinic, priorizaron y solicitaron la Ampliaci\u00f3n de Escuela Primaria Caser\u00edo Pansinic, para contribuir en la reducci\u00f3n del \u00edndice de analfabetismo y delincuencia de los estudiantes.<\/p>\n<p style=\"text-align: justify;\">Como parte de los compromisos del Presidente de la Rep\u00fablica <a href=\"https:\/\/www.facebook.com\/AlejandroGiammattei\/?__cft__%5b0%5d=AZVXwgOPGBL6_eSfmSmQslz7d8VduAjIVhOko2fOQMBViNDiDt4yvYEi7tXZ12TwDKZuaTytnp_EYX8as_9uZZtGjE0_jompBQIyrqWCHD6VoqyN9GADUlyqTOA8iScNXCAjmWgFeCOTcijc7swS4IMq&amp;__tn__=kK-R\" target=\"_blank\" rel=\"noopener\">Alejandro Giammattei<\/a> hacia la poblaci\u00f3n Altaverapecense, en darle seguimiento y finalizaci\u00f3n a las obras de arrastre y multianuales; el d\u00eda de hoy el se\u00f1or Gobernador Departamental, Romel Manuel Veliz Castro, junto al Alcalde Municipal y su honorable Concejo Municipal, COCODES, claustro de catedr\u00e1ticos y vecinos participaron en la entrega oficial de la ampliaci\u00f3n de la ESCUELA PRIMARIA CASERIO PANSINIC misma que cuenta con ocho salones de clases con capacidad para cuarenta y dos estudiantes, un sal\u00f3n con capacidad para 40 estudiantes y un sal\u00f3n de laboratorio de computaci\u00f3n para 30 estudiantes, cuenta con 403.85 metros cuadrados de losa de entrepiso, 626 metros cuadrados de cubierta de l\u00e1mina, 52.65 metros cuadrados de rampa, 17 metros cuadrados de gradas, instalaci\u00f3n el\u00e9ctrica de iluminaci\u00f3n y fuerza, instalaci\u00f3n de agua potable, sanitaria y pluvial, direcci\u00f3n, sala de reuniones y bodega.<\/p>\n<p><a href=\"https:\/\/www.facebook.com\/hashtag\/guatemalanosedetiene?__eep__=6&amp;__cft__%5b0%5d=AZVXwgOPGBL6_eSfmSmQslz7d8VduAjIVhOko2fOQMBViNDiDt4yvYEi7tXZ12TwDKZuaTytnp_EYX8as_9uZZtGjE0_jompBQIyrqWCHD6VoqyN9GADUlyqTOA8iScNXCAjmWgFeCOTcijc7swS4IMq&amp;__tn__=*NK-R\" target=\"_blank\" rel=\"noopener\">#GuatemalaNoSeDetiene<br \/>\n<\/a><a href=\"https:\/\/www.facebook.com\/hashtag\/juntossaldremosadelante?__eep__=6&amp;__cft__%5b0%5d=AZVXwgOPGBL6_eSfmSmQslz7d8VduAjIVhOko2fOQMBViNDiDt4yvYEi7tXZ12TwDKZuaTytnp_EYX8as_9uZZtGjE0_jompBQIyrqWCHD6VoqyN9GADUlyqTOA8iScNXCAjmWgFeCOTcijc7swS4IMq&amp;__tn__=*NK-R\" target=\"_blank\" rel=\"noopener\">#JuntosSaldremosAdelante<br \/>\n<\/a><a href=\"https:\/\/www.facebook.com\/hashtag\/reactivaci%C3%B3neconomica?__eep__=6&amp;__cft__%5b0%5d=AZVXwgOPGBL6_eSfmSmQslz7d8VduAjIVhOko2fOQMBViNDiDt4yvYEi7tXZ12TwDKZuaTytnp_EYX8as_9uZZtGjE0_jompBQIyrqWCHD6VoqyN9GADUlyqTOA8iScNXCAjmWgFeCOTcijc7swS4IMq&amp;__tn__=*NK-R\" target=\"_blank\" rel=\"noopener\">#Reactivaci\u00f3nEconomica<\/a><\/p>\n<div><\/div>\n<div><a href=\"https:\/\/www.facebook.com\/GobernacionAV\/videos\/1193366641084824\" target=\"_blank\" rel=\"noopener\"><img decoding=\"async\" loading=\"lazy\" class=\"alignleft wp-image-10887 size-medium\" title=\"Ver video en Facebook\" src=\"https:\/\/gobernacionaltaverapaz.gob.gt\/wp-content\/uploads\/2021\/05\/001-13-300x200.jpg\" alt=\"\" width=\"300\" height=\"200\" srcset=\"https:\/\/gobernacionaltaverapaz.gob.gt\/wp-content\/uploads\/2021\/05\/001-13-300x200.jpg 300w, https:\/\/gobernacionaltaverapaz.gob.gt\/wp-content\/uploads\/2021\/05\/001-13-768x512.jpg 768w, https:\/\/gobernacionaltaverapaz.gob.gt\/wp-content\/uploads\/2021\/05\/001-13.jpg 900w\" sizes=\"(max-width: 300px) 100vw, 300px\" \/><\/a><\/div>\n","protected":false},"excerpt":{"rendered":"<p>En la Villa de Tactic Departamento de Alta Verapaz, vecinos del Caser\u00edo Pansinic, priorizaron y solicitaron la Ampliaci\u00f3n de Escuela Primaria Caser\u00edo Pansinic, para contribuir en la reducci\u00f3n del \u00edndice de analfabetismo y delincuencia de los estudiantes. Como parte de los compromisos del Presidente de la Rep\u00fablica Alejandro Giammattei hacia la poblaci\u00f3n Altaverapecense, en darle [&hellip;]<\/p>\n","protected":false},"author":1,"featured_media":10829,"comment_status":"closed","ping_status":"open","sticky":false,"template":"","format":"video","meta":[],"categories":[2],"tags":[178],"_links":{"self":[{"href":"https:\/\/gobernacionaltaverapaz.gob.gt\/index.php?rest_route=\/wp\/v2\/posts\/10816"}],"collection":[{"href":"https:\/\/gobernacionaltaverapaz.gob.gt\/index.php?rest_route=\/wp\/v2\/posts"}],"about":[{"href":"https:\/\/gobernacionaltaverapaz.gob.gt\/index.php?rest_route=\/wp\/v2\/types\/post"}],"author":[{"embeddable":true,"href":"https:\/\/gobernacionaltaverapaz.gob.gt\/index.php?rest_route=\/wp\/v2\/users\/1"}],"replies":[{"embeddable":true,"href":"https:\/\/gobernacionaltaverapaz.gob.gt\/index.php?rest_route=%2Fwp%2Fv2%2Fcomments&post=10816"}],"version-history":[{"count":4,"href":"https:\/\/gobernacionaltaverapaz.gob.gt\/index.php?rest_route=\/wp\/v2\/posts\/10816\/revisions"}],"predecessor-version":[{"id":10889,"href":"https:\/\/gobernacionaltaverapaz.gob.gt\/index.php?rest_route=\/wp\/v2\/posts\/10816\/revisions\/10889"}],"wp:featuredmedia":[{"embeddable":true,"href":"https:\/\/gobernacionaltaverapaz.gob.gt\/index.php?rest_route=\/wp\/v2\/media\/10829"}],"wp:attachment":[{"href":"https:\/\/gobernacionaltaverapaz.gob.gt\/index.php?rest_route=%2Fwp%2Fv2%2Fmedia&parent=10816"}],"wp:term":[{"taxonomy":"category","embeddable":true,"href":"https:\/\/gobernacionaltaverapaz.gob.gt\/index.php?rest_route=%2Fwp%2Fv2%2Fcategories&post=10816"},{"taxonomy":"post_tag","embeddable":true,"href":"https:\/\/gobernacionaltaverapaz.gob.gt\/index.php?rest_route=%2Fwp%2Fv2%2Ftags&post=10816"}],"curies":[{"name":"wp","href":"https:\/\/api.w.org\/{rel}","templated":true}]}}