{"id":10852,"date":"2021-05-21T07:23:36","date_gmt":"2021-05-21T13:23:36","guid":{"rendered":"https:\/\/gobernacionaltaverapaz.gob.gt\/?p=10852"},"modified":"2021-05-21T14:52:06","modified_gmt":"2021-05-21T20:52:06","slug":"rendicin-de-cuentas-eta-iota-plan-internacional","status":"publish","type":"post","link":"https:\/\/gobernacionaltaverapaz.gob.gt\/?p=10852","title":{"rendered":"Rendici\u00f3n de Cuentas ETA e IOTA Plan Internacional"},"content":{"rendered":"<p style=\"text-align: justify;\">Gobernador Departamental, Romel Manuel Veliz Castro, particip\u00f3 en presentaci\u00f3n de rendici\u00f3n de cuentas de la ONG Plan Internacional, como parte de su respuesta ante la emergencia generada por las tormentas <a href=\"https:\/\/www.facebook.com\/hashtag\/eta?__eep__=6&amp;__cft__%5b0%5d=AZVAVxDxc63-3xLQNeDSzfWHzp3YyjvUtP8DAMt_Myo0N9m1SbGjABG5A3HyORaPtUc-4FKd8X62f5a8hgyFdt7szrwSrtOywaDfpAxUOS5iJFFkaDjQ-v07692n4t_oDrGLeqHHwjJZLEaNfcPbg0lB&amp;__tn__=*NK-R\" target=\"_blank\" rel=\"noopener\">#Eta<\/a> e <a href=\"https:\/\/www.facebook.com\/hashtag\/iota?__eep__=6&amp;__cft__%5b0%5d=AZVAVxDxc63-3xLQNeDSzfWHzp3YyjvUtP8DAMt_Myo0N9m1SbGjABG5A3HyORaPtUc-4FKd8X62f5a8hgyFdt7szrwSrtOywaDfpAxUOS5iJFFkaDjQ-v07692n4t_oDrGLeqHHwjJZLEaNfcPbg0lB&amp;__tn__=*NK-R\" target=\"_blank\" rel=\"noopener\">#Iota<\/a> en el Departamento de Alta Verapaz.<\/p>\n<p style=\"text-align: justify;\">El presupuesto invertido desde el mes de noviembre hasta el 31 de mayo del 2021 en 8 municipios es de Q.14, 011,915.80, los Municipios beneficiados son: Cob\u00e1n, San Pedro Carcha, San Crist\u00f3bal Verapaz, San Pablo Tamah\u00fa, San miguel Tucur\u00fa, Santa Catalina la Tinta, San Antonio Senah\u00fa y Panzos, beneficiando a 32,882 personas, un total de 7,010 familias.<\/p>\n<p style=\"text-align: justify;\">El se\u00f1or gobernador departamental agradeci\u00f3 y resalt\u00f3 la importancia de la intervenci\u00f3n que tiene PLAN internacional en nuestro departamento, que desde el inicio de la pandemia y luego por las tormentas no dejaron de beneficiar a las comunidades intervenidas.<\/p>\n<p><a href=\"https:\/\/www.facebook.com\/hashtag\/guatemalanosedetiene?__eep__=6&amp;__cft__%5b0%5d=AZVAVxDxc63-3xLQNeDSzfWHzp3YyjvUtP8DAMt_Myo0N9m1SbGjABG5A3HyORaPtUc-4FKd8X62f5a8hgyFdt7szrwSrtOywaDfpAxUOS5iJFFkaDjQ-v07692n4t_oDrGLeqHHwjJZLEaNfcPbg0lB&amp;__tn__=*NK-R\" target=\"_blank\" rel=\"noopener\">#GuatemalaNoSeDetiene<br \/>\n<\/a><a href=\"https:\/\/www.facebook.com\/hashtag\/juntossaldremosadelante?__eep__=6&amp;__cft__%5b0%5d=AZVAVxDxc63-3xLQNeDSzfWHzp3YyjvUtP8DAMt_Myo0N9m1SbGjABG5A3HyORaPtUc-4FKd8X62f5a8hgyFdt7szrwSrtOywaDfpAxUOS5iJFFkaDjQ-v07692n4t_oDrGLeqHHwjJZLEaNfcPbg0lB&amp;__tn__=*NK-R\" target=\"_blank\" rel=\"noopener\">#juntossaldremosadelante<br \/>\n<\/a><a href=\"https:\/\/www.facebook.com\/hashtag\/planinternacional?__eep__=6&amp;__cft__%5b0%5d=AZVAVxDxc63-3xLQNeDSzfWHzp3YyjvUtP8DAMt_Myo0N9m1SbGjABG5A3HyORaPtUc-4FKd8X62f5a8hgyFdt7szrwSrtOywaDfpAxUOS5iJFFkaDjQ-v07692n4t_oDrGLeqHHwjJZLEaNfcPbg0lB&amp;__tn__=*NK-R\" target=\"_blank\" rel=\"noopener\">#PlanInternacional<\/a><\/p>\n<div><\/div>\n","protected":false},"excerpt":{"rendered":"<p>Que desde el inicio de la pandemia y luego por las tormentas no dejaron de beneficiar a las comunidades intervenidas.<\/p>\n","protected":false},"author":1,"featured_media":10857,"comment_status":"closed","ping_status":"open","sticky":false,"template":"","format":"gallery","meta":[],"categories":[197],"tags":[178],"_links":{"self":[{"href":"https:\/\/gobernacionaltaverapaz.gob.gt\/index.php?rest_route=\/wp\/v2\/posts\/10852"}],"collection":[{"href":"https:\/\/gobernacionaltaverapaz.gob.gt\/index.php?rest_route=\/wp\/v2\/posts"}],"about":[{"href":"https:\/\/gobernacionaltaverapaz.gob.gt\/index.php?rest_route=\/wp\/v2\/types\/post"}],"author":[{"embeddable":true,"href":"https:\/\/gobernacionaltaverapaz.gob.gt\/index.php?rest_route=\/wp\/v2\/users\/1"}],"replies":[{"embeddable":true,"href":"https:\/\/gobernacionaltaverapaz.gob.gt\/index.php?rest_route=%2Fwp%2Fv2%2Fcomments&post=10852"}],"version-history":[{"count":4,"href":"https:\/\/gobernacionaltaverapaz.gob.gt\/index.php?rest_route=\/wp\/v2\/posts\/10852\/revisions"}],"predecessor-version":[{"id":10865,"href":"https:\/\/gobernacionaltaverapaz.gob.gt\/index.php?rest_route=\/wp\/v2\/posts\/10852\/revisions\/10865"}],"wp:featuredmedia":[{"embeddable":true,"href":"https:\/\/gobernacionaltaverapaz.gob.gt\/index.php?rest_route=\/wp\/v2\/media\/10857"}],"wp:attachment":[{"href":"https:\/\/gobernacionaltaverapaz.gob.gt\/index.php?rest_route=%2Fwp%2Fv2%2Fmedia&parent=10852"}],"wp:term":[{"taxonomy":"category","embeddable":true,"href":"https:\/\/gobernacionaltaverapaz.gob.gt\/index.php?rest_route=%2Fwp%2Fv2%2Fcategories&post=10852"},{"taxonomy":"post_tag","embeddable":true,"href":"https:\/\/gobernacionaltaverapaz.gob.gt\/index.php?rest_route=%2Fwp%2Fv2%2Ftags&post=10852"}],"curies":[{"name":"wp","href":"https:\/\/api.w.org\/{rel}","templated":true}]}}