{"id":10867,"date":"2021-05-21T15:36:14","date_gmt":"2021-05-21T21:36:14","guid":{"rendered":"https:\/\/gobernacionaltaverapaz.gob.gt\/?p=10867"},"modified":"2021-05-24T15:46:18","modified_gmt":"2021-05-24T21:46:18","slug":"entrega-de-mdulo-de-atencin-de-emergencia-temporal-campur-san-pedro-carch-av","status":"publish","type":"post","link":"https:\/\/gobernacionaltaverapaz.gob.gt\/?p=10867","title":{"rendered":"Entrega de m\u00f3dulo de atenci\u00f3n de emergencia temporal Campur, San Pedro Carch\u00e1 A.V."},"content":{"rendered":"<p style=\"text-align: justify;\">El d\u00eda de hoy el se\u00f1or Gobernador Departamental, Romel Manuel Veliz Castro, participo en la entrega oficial de la construcci\u00f3n del m\u00f3dulo de atenci\u00f3n de emergencia temporal de la aldea Campur del Municipio de San Pedro Carcha, misma que fue entregada por el Representante de <a href=\"https:\/\/www.facebook.com\/opsomsguate\/?__cft__%5b0%5d=AZUq5vPILhlB-1e2BNZE-tiOwCOPOzKuHPem9zpXBlkINfQ5cYcAceciAipTMq2r6rBHHthXEBxjIV3Vg6dXbyTy_Y5l0qjpUExERBW6_NeNrGFo5xLbp9D2jEvQbSPeVHmWqDfPFdGjAMk_CtDUu0kU&amp;__tn__=kK-R\" target=\"_blank\" rel=\"noopener\">OPS\/OMS GUATEMALA<\/a> OPS\/OMS, Oscar Barreneche, acompa\u00f1ado del se\u00f1or Alcalde Municipal, Winter Coc y autoridades del <a href=\"https:\/\/www.facebook.com\/MinisteriodeSaludPublicayAsistenciaSocial\/?__cft__%5b0%5d=AZUq5vPILhlB-1e2BNZE-tiOwCOPOzKuHPem9zpXBlkINfQ5cYcAceciAipTMq2r6rBHHthXEBxjIV3Vg6dXbyTy_Y5l0qjpUExERBW6_NeNrGFo5xLbp9D2jEvQbSPeVHmWqDfPFdGjAMk_CtDUu0kU&amp;__tn__=kK-R\" target=\"_blank\" rel=\"noopener\">Ministerio de Salud P\u00fablica y Asistencia Social<\/a>, un agradecimiento profundo a las instituciones, voluntarios y empresas involucradas para que esta construcci\u00f3n fuera realidad.<\/p>\n<p style=\"text-align: justify;\">El m\u00f3dulo cuenta con espacio de admisi\u00f3n, pre consulta, tres cl\u00ednicas de atenci\u00f3n m\u00e9dica, y servicios de planificaci\u00f3n familiar, enfermer\u00eda, laboratorio, sala de parto, camas hospitalarias, dormitorios para el personal de salud, ba\u00f1os, duchas, \u00e1rea de bodega y equipamiento m\u00e9dico.<\/p>\n<p style=\"text-align: justify;\">La aldea Campur fue una de las comunidades m\u00e1s golpeadas por el paso de las tormentas tropicales ETA e IOTA especialmente el Centro de atenci\u00f3n permanente \u2013CAP- que atend\u00eda a las familias de Campur qued\u00f3 totalmente sumergido bajo una laguna que se form\u00f3 en su momento.<\/p>\n<p style=\"text-align: justify;\"><a href=\"https:\/\/www.facebook.com\/hashtag\/guatemalanosedetiene?__eep__=6&amp;__cft__%5b0%5d=AZUq5vPILhlB-1e2BNZE-tiOwCOPOzKuHPem9zpXBlkINfQ5cYcAceciAipTMq2r6rBHHthXEBxjIV3Vg6dXbyTy_Y5l0qjpUExERBW6_NeNrGFo5xLbp9D2jEvQbSPeVHmWqDfPFdGjAMk_CtDUu0kU&amp;__tn__=*NK-R\" target=\"_blank\" rel=\"noopener\">#GuatemalaNoSeDetiene<br \/>\n<\/a><a href=\"https:\/\/www.facebook.com\/hashtag\/juntossaldremosadelante?__eep__=6&amp;__cft__%5b0%5d=AZUq5vPILhlB-1e2BNZE-tiOwCOPOzKuHPem9zpXBlkINfQ5cYcAceciAipTMq2r6rBHHthXEBxjIV3Vg6dXbyTy_Y5l0qjpUExERBW6_NeNrGFo5xLbp9D2jEvQbSPeVHmWqDfPFdGjAMk_CtDUu0kU&amp;__tn__=*NK-R\" target=\"_blank\" rel=\"noopener\">#JuntosSaldremosAdelante<\/a><\/p>\n<div><\/div>\n","protected":false},"excerpt":{"rendered":"<p>El d\u00eda de hoy el se\u00f1or Gobernador Departamental, Romel Manuel Veliz Castro, participo en la entrega oficial de la construcci\u00f3n del m\u00f3dulo de atenci\u00f3n de emergencia temporal de la aldea Campur del Municipio de San Pedro Carcha, misma que fue entregada por el Representante de OPS\/OMS GUATEMALA OPS\/OMS, Oscar Barreneche, acompa\u00f1ado del se\u00f1or Alcalde Municipal, [&hellip;]<\/p>\n","protected":false},"author":1,"featured_media":10876,"comment_status":"closed","ping_status":"open","sticky":false,"template":"","format":"gallery","meta":[],"categories":[5],"tags":[178],"_links":{"self":[{"href":"https:\/\/gobernacionaltaverapaz.gob.gt\/index.php?rest_route=\/wp\/v2\/posts\/10867"}],"collection":[{"href":"https:\/\/gobernacionaltaverapaz.gob.gt\/index.php?rest_route=\/wp\/v2\/posts"}],"about":[{"href":"https:\/\/gobernacionaltaverapaz.gob.gt\/index.php?rest_route=\/wp\/v2\/types\/post"}],"author":[{"embeddable":true,"href":"https:\/\/gobernacionaltaverapaz.gob.gt\/index.php?rest_route=\/wp\/v2\/users\/1"}],"replies":[{"embeddable":true,"href":"https:\/\/gobernacionaltaverapaz.gob.gt\/index.php?rest_route=%2Fwp%2Fv2%2Fcomments&post=10867"}],"version-history":[{"count":2,"href":"https:\/\/gobernacionaltaverapaz.gob.gt\/index.php?rest_route=\/wp\/v2\/posts\/10867\/revisions"}],"predecessor-version":[{"id":10886,"href":"https:\/\/gobernacionaltaverapaz.gob.gt\/index.php?rest_route=\/wp\/v2\/posts\/10867\/revisions\/10886"}],"wp:featuredmedia":[{"embeddable":true,"href":"https:\/\/gobernacionaltaverapaz.gob.gt\/index.php?rest_route=\/wp\/v2\/media\/10876"}],"wp:attachment":[{"href":"https:\/\/gobernacionaltaverapaz.gob.gt\/index.php?rest_route=%2Fwp%2Fv2%2Fmedia&parent=10867"}],"wp:term":[{"taxonomy":"category","embeddable":true,"href":"https:\/\/gobernacionaltaverapaz.gob.gt\/index.php?rest_route=%2Fwp%2Fv2%2Fcategories&post=10867"},{"taxonomy":"post_tag","embeddable":true,"href":"https:\/\/gobernacionaltaverapaz.gob.gt\/index.php?rest_route=%2Fwp%2Fv2%2Ftags&post=10867"}],"curies":[{"name":"wp","href":"https:\/\/api.w.org\/{rel}","templated":true}]}}