{"id":10890,"date":"2021-05-24T18:34:15","date_gmt":"2021-05-25T00:34:15","guid":{"rendered":"https:\/\/gobernacionaltaverapaz.gob.gt\/?p=10890"},"modified":"2021-05-26T17:04:49","modified_gmt":"2021-05-26T23:04:49","slug":"recorrido-de-antorcha-bicentenario-al-departamento-de-alta-verapaz","status":"publish","type":"post","link":"https:\/\/gobernacionaltaverapaz.gob.gt\/?p=10890","title":{"rendered":"Recorrido de Antorcha  Bicentenario al Departamento de Alta Verapaz"},"content":{"rendered":"<p style=\"text-align: justify;\">El Gobierno de Guatemala a trav\u00e9s del Ministerio de Cultura y Deportes y el Instituto Guatemalteco de Turismo \u2013INGUAT- unieron esfuerzos para promocionar de manera conjunta la conmemoraci\u00f3n del Bicentenario de independencia de Guatemala, durante el transcurso del a\u00f1o 2021, La celebraci\u00f3n del Bicentenario dio inicio en febrero hasta septiembre, periodo para el cual se prepararon 200 actividades y eventos enfocados a la cultura y el turismos contemplados a realizarse en varios municipios de los 22 departamentos del pa\u00eds, respetando el tablero de alertas del Ministerio de Salud P\u00fablica y Asistencia Social<\/p>\n<p style=\"text-align: justify;\">El d\u00eda de hoy se realiz\u00f3 la recepci\u00f3n y encendido de la antorcha en el Municipio de Cob\u00e1n Alta Verapaz, donde participaron autoridades municipales, acompa\u00f1adas del Se\u00f1or Gobernador Departamental, Romel Manuel Veliz Castro, quien resalt\u00f3 la importancia de seguir fomentando el fervor patrio en las generaciones venideras.<\/p>\n<p style=\"text-align: justify;\">La Antorcha Bicentenario visitara los siguientes Municipios.<\/p>\n<ul style=\"text-align: justify;\">\n<li>Cob\u00e1n<\/li>\n<li>San Juan Chamelco<\/li>\n<li>San Pedro Carch\u00e1<\/li>\n<li>Lanqu\u00edn<\/li>\n<li>San Crist\u00f3bal Verapaz<\/li>\n<li>Santa Cruz Verapaz<\/li>\n<li>Tactic<\/li>\n<li>Tamah\u00fa<\/li>\n<\/ul>\n<p style=\"text-align: justify;\">Cabe resaltar que en cada uno de los municipios donde llegara el fuego patrio se tomaron las medidas sanitarias implementadas por el Ministerio de Salud P\u00fablica y Asistencia Social como el uso obligatorio de la mascarilla, uso de alcohol en gel y el distanciamiento f\u00edsico.<\/p>\n<p><a href=\"https:\/\/www.facebook.com\/hashtag\/guatemalanosedetiene?__eep__=6&amp;__cft__%5b0%5d=AZVSW5deI4gq6r9mvCCEPIlag_etp5e74F66dKciZfXhNiX5ItCxW9pwR2ZXINNroi3X_SCCv2STuD-7ZCCKSDXlac23-glK8JTc0Vs4PVfFmab30aSg4ByTd7km_0y0A6mnbhNTNKlkw3D_ESH-WYLb&amp;__tn__=*NK-R\" target=\"_blank\" rel=\"noopener\">#GuatemalaNoSeDetiene<br \/>\n<\/a><a href=\"https:\/\/www.facebook.com\/hashtag\/juntossaldremosadelante?__eep__=6&amp;__cft__%5b0%5d=AZVSW5deI4gq6r9mvCCEPIlag_etp5e74F66dKciZfXhNiX5ItCxW9pwR2ZXINNroi3X_SCCv2STuD-7ZCCKSDXlac23-glK8JTc0Vs4PVfFmab30aSg4ByTd7km_0y0A6mnbhNTNKlkw3D_ESH-WYLb&amp;__tn__=*NK-R\" target=\"_blank\" rel=\"noopener\">#JuntosSaldremosAdelante<br \/>\n<\/a><a href=\"https:\/\/www.facebook.com\/hashtag\/legadobicentenariogt?__eep__=6&amp;__cft__%5b0%5d=AZVSW5deI4gq6r9mvCCEPIlag_etp5e74F66dKciZfXhNiX5ItCxW9pwR2ZXINNroi3X_SCCv2STuD-7ZCCKSDXlac23-glK8JTc0Vs4PVfFmab30aSg4ByTd7km_0y0A6mnbhNTNKlkw3D_ESH-WYLb&amp;__tn__=*NK-R\" target=\"_blank\" rel=\"noopener\">#LegadoBicentenarioGT<\/a><\/p>\n<div><\/div>\n","protected":false},"excerpt":{"rendered":"<p>Se tomaron las medidas sanitarias implementadas por el Ministerio de Salud P\u00fablica y Asistencia Social como el uso obligatorio de la mascarilla, uso de alcohol en gel y el distanciamiento f\u00edsico.<\/p>\n","protected":false},"author":1,"featured_media":10896,"comment_status":"closed","ping_status":"open","sticky":false,"template":"","format":"gallery","meta":[],"categories":[183],"tags":[178],"_links":{"self":[{"href":"https:\/\/gobernacionaltaverapaz.gob.gt\/index.php?rest_route=\/wp\/v2\/posts\/10890"}],"collection":[{"href":"https:\/\/gobernacionaltaverapaz.gob.gt\/index.php?rest_route=\/wp\/v2\/posts"}],"about":[{"href":"https:\/\/gobernacionaltaverapaz.gob.gt\/index.php?rest_route=\/wp\/v2\/types\/post"}],"author":[{"embeddable":true,"href":"https:\/\/gobernacionaltaverapaz.gob.gt\/index.php?rest_route=\/wp\/v2\/users\/1"}],"replies":[{"embeddable":true,"href":"https:\/\/gobernacionaltaverapaz.gob.gt\/index.php?rest_route=%2Fwp%2Fv2%2Fcomments&post=10890"}],"version-history":[{"count":3,"href":"https:\/\/gobernacionaltaverapaz.gob.gt\/index.php?rest_route=\/wp\/v2\/posts\/10890\/revisions"}],"predecessor-version":[{"id":10903,"href":"https:\/\/gobernacionaltaverapaz.gob.gt\/index.php?rest_route=\/wp\/v2\/posts\/10890\/revisions\/10903"}],"wp:featuredmedia":[{"embeddable":true,"href":"https:\/\/gobernacionaltaverapaz.gob.gt\/index.php?rest_route=\/wp\/v2\/media\/10896"}],"wp:attachment":[{"href":"https:\/\/gobernacionaltaverapaz.gob.gt\/index.php?rest_route=%2Fwp%2Fv2%2Fmedia&parent=10890"}],"wp:term":[{"taxonomy":"category","embeddable":true,"href":"https:\/\/gobernacionaltaverapaz.gob.gt\/index.php?rest_route=%2Fwp%2Fv2%2Fcategories&post=10890"},{"taxonomy":"post_tag","embeddable":true,"href":"https:\/\/gobernacionaltaverapaz.gob.gt\/index.php?rest_route=%2Fwp%2Fv2%2Ftags&post=10890"}],"curies":[{"name":"wp","href":"https:\/\/api.w.org\/{rel}","templated":true}]}}