{"id":10915,"date":"2021-05-25T18:14:29","date_gmt":"2021-05-26T00:14:29","guid":{"rendered":"https:\/\/gobernacionaltaverapaz.gob.gt\/?p=10915"},"modified":"2021-05-27T08:35:15","modified_gmt":"2021-05-27T14:35:15","slug":"recorrido-de-antorcha-bicentenario-en-los-municipios-de-san-juan-chamelco-san-pedro-carch","status":"publish","type":"post","link":"https:\/\/gobernacionaltaverapaz.gob.gt\/?p=10915","title":{"rendered":"Recorrido de Antorcha Bicentenario en los Municipios de San juan Chamelco y San pedro Carch\u00e1"},"content":{"rendered":"<p style=\"text-align: justify;\">El d\u00eda de hoy se realiz\u00f3 la recepci\u00f3n y encendido de la antorcha en los Municipios de San Juan Chamelco y San Pedro Carch\u00e1, donde participaron autoridades municipales, acompa\u00f1ados del Se\u00f1or Gobernador Departamental, Romel Manuel Veliz Castro, Ejercito de Guatemala, Polic\u00eda Nacional Civil.<\/p>\n<p style=\"text-align: justify;\">Actividades que se realizan trav\u00e9s del Ministerio de Cultura y Deportes y el Instituto Guatemal<span class=\"textexposedshow\">teco de Turismo \u2013INGUAT-.<\/span><\/p>\n<p><a href=\"https:\/\/www.facebook.com\/hashtag\/guatemalanosedetiene?__eep__=6&amp;source=feed_text&amp;epa=HASHTAG&amp;__xts__%5B0%5D=68.ARAky9kbOXC1Gc4mrzVh95dRM3jQtKJiBPxEcbSE7U4zyKrqWct3yXAqBdrRzwWiIMIz11eVVvbwHPFBIdIJyOu04Clkzb-2hNBUsXpablFlCOxHPswn7c1lGMmAt7z9_3ixnOF1_bqBoPkBLhP7l5SwofDDYOd0DlD0G9_kmHYJwkRz91bj10GjFIlAiuLH5SZfETweKjBRrlrAroXQbkDVO3vo87SGajLr8WFSCBQupfTRlDHIvnHiz9S9IGxU8Plpd84xaoCCG2wGvkppytXH5R1isoYuyMQnFY7CHps6t3w8vLIXmA&amp;__tn__=%2ANK-R\" target=\"_blank\" rel=\"noopener\" data-ft=\"{&quot;type&quot;:104,&quot;tn&quot;:&quot;*N&quot;}\"><span class=\"58cl\"><span aria-label=\"hashtag\"><span style=\"color: blue;\">#<\/span><\/span><\/span><span class=\"58cm\"><span style=\"color: blue;\">GuatemalaNoSeDetiene<\/span><\/span><\/a><br \/>\n<a href=\"https:\/\/www.facebook.com\/hashtag\/juntossaldremosadelante?__eep__=6&amp;source=feed_text&amp;epa=HASHTAG&amp;__xts__%5B0%5D=68.ARAky9kbOXC1Gc4mrzVh95dRM3jQtKJiBPxEcbSE7U4zyKrqWct3yXAqBdrRzwWiIMIz11eVVvbwHPFBIdIJyOu04Clkzb-2hNBUsXpablFlCOxHPswn7c1lGMmAt7z9_3ixnOF1_bqBoPkBLhP7l5SwofDDYOd0DlD0G9_kmHYJwkRz91bj10GjFIlAiuLH5SZfETweKjBRrlrAroXQbkDVO3vo87SGajLr8WFSCBQupfTRlDHIvnHiz9S9IGxU8Plpd84xaoCCG2wGvkppytXH5R1isoYuyMQnFY7CHps6t3w8vLIXmA&amp;__tn__=%2ANK-R\" target=\"_blank\" rel=\"noopener\" data-ft=\"{&quot;type&quot;:104,&quot;tn&quot;:&quot;*N&quot;}\"><span class=\"58cl\"><span aria-label=\"hashtag\"><span style=\"color: blue;\">#<\/span><\/span><\/span><span class=\"58cm\"><span style=\"color: blue;\">JuntosSaldremosAdelante<\/span><\/span><\/a><br \/>\n<a href=\"https:\/\/www.facebook.com\/hashtag\/legadobicentenariogt?__eep__=6&amp;source=feed_text&amp;epa=HASHTAG&amp;__xts__%5B0%5D=68.ARAky9kbOXC1Gc4mrzVh95dRM3jQtKJiBPxEcbSE7U4zyKrqWct3yXAqBdrRzwWiIMIz11eVVvbwHPFBIdIJyOu04Clkzb-2hNBUsXpablFlCOxHPswn7c1lGMmAt7z9_3ixnOF1_bqBoPkBLhP7l5SwofDDYOd0DlD0G9_kmHYJwkRz91bj10GjFIlAiuLH5SZfETweKjBRrlrAroXQbkDVO3vo87SGajLr8WFSCBQupfTRlDHIvnHiz9S9IGxU8Plpd84xaoCCG2wGvkppytXH5R1isoYuyMQnFY7CHps6t3w8vLIXmA&amp;__tn__=%2ANK-R\" target=\"_blank\" rel=\"noopener\" data-ft=\"{&quot;type&quot;:104,&quot;tn&quot;:&quot;*N&quot;}\"><span class=\"58cl\"><span aria-label=\"hashtag\"><span style=\"color: blue;\">#<\/span><\/span><\/span><span class=\"58cm\"><span style=\"color: blue;\">LegadoBicentenarioGT<\/span><\/span><\/a><\/p>\n<div><\/div>\n","protected":false},"excerpt":{"rendered":"<p>Actividades que se realizan trav\u00e9s del Ministerio de Cultura y Deportes y el Instituto Guatemalteco de Turismo \u2013INGUAT-.<\/p>\n","protected":false},"author":1,"featured_media":10923,"comment_status":"closed","ping_status":"open","sticky":false,"template":"","format":"gallery","meta":[],"categories":[183],"tags":[178],"_links":{"self":[{"href":"https:\/\/gobernacionaltaverapaz.gob.gt\/index.php?rest_route=\/wp\/v2\/posts\/10915"}],"collection":[{"href":"https:\/\/gobernacionaltaverapaz.gob.gt\/index.php?rest_route=\/wp\/v2\/posts"}],"about":[{"href":"https:\/\/gobernacionaltaverapaz.gob.gt\/index.php?rest_route=\/wp\/v2\/types\/post"}],"author":[{"embeddable":true,"href":"https:\/\/gobernacionaltaverapaz.gob.gt\/index.php?rest_route=\/wp\/v2\/users\/1"}],"replies":[{"embeddable":true,"href":"https:\/\/gobernacionaltaverapaz.gob.gt\/index.php?rest_route=%2Fwp%2Fv2%2Fcomments&post=10915"}],"version-history":[{"count":2,"href":"https:\/\/gobernacionaltaverapaz.gob.gt\/index.php?rest_route=\/wp\/v2\/posts\/10915\/revisions"}],"predecessor-version":[{"id":10926,"href":"https:\/\/gobernacionaltaverapaz.gob.gt\/index.php?rest_route=\/wp\/v2\/posts\/10915\/revisions\/10926"}],"wp:featuredmedia":[{"embeddable":true,"href":"https:\/\/gobernacionaltaverapaz.gob.gt\/index.php?rest_route=\/wp\/v2\/media\/10923"}],"wp:attachment":[{"href":"https:\/\/gobernacionaltaverapaz.gob.gt\/index.php?rest_route=%2Fwp%2Fv2%2Fmedia&parent=10915"}],"wp:term":[{"taxonomy":"category","embeddable":true,"href":"https:\/\/gobernacionaltaverapaz.gob.gt\/index.php?rest_route=%2Fwp%2Fv2%2Fcategories&post=10915"},{"taxonomy":"post_tag","embeddable":true,"href":"https:\/\/gobernacionaltaverapaz.gob.gt\/index.php?rest_route=%2Fwp%2Fv2%2Ftags&post=10915"}],"curies":[{"name":"wp","href":"https:\/\/api.w.org\/{rel}","templated":true}]}}