{"id":10927,"date":"2021-05-27T19:14:40","date_gmt":"2021-05-28T01:14:40","guid":{"rendered":"https:\/\/gobernacionaltaverapaz.gob.gt\/?p=10927"},"modified":"2021-06-01T11:16:58","modified_gmt":"2021-06-01T17:16:58","slug":"programa-encuentro-inter-gnero-promoviendo-espacios-comunitarios-de-convivencia-sanos","status":"publish","type":"post","link":"https:\/\/gobernacionaltaverapaz.gob.gt\/?p=10927","title":{"rendered":"Programa Encuentro Inter G\u00e9nero, Promoviendo Espacios Comunitarios de Convivencia Sanos"},"content":{"rendered":"<p style=\"text-align: justify;\">El d\u00eda hoy el se\u00f1or Gobernador Departamental, Romel Manuel V\u00e9liz Castro, le dio acompa\u00f1amiento al se\u00f1or Alcalde Municipal de Santa Cruz Verapaz, Efrain Cuc, en la actividad organizada por <a href=\"https:\/\/www.facebook.com\/MedicosdelMundoGuatemala\/?fref=mentions&amp;__xts__%5B0%5D=68.ARBygWAMwgB12KN_YlPrbVHr0KpK3eUcnlFkgMnjysjUMEWbYpncd8xePOD9UC312m30o0_4ichLWXv449YYEM0wsZ_8fu0OJ611vy4WfDvdsnekbrN3SPwRrGiU_F27KAXUPLzmt4_nrOkkayIexZWDBpa17B6qk0J-bkOGMpsp61Cx8_DXo1yan0sudjKbGtQYhyloPcbcD0VqLuN5q_sy6yTZ5E8V3v8N2R90nyYsH53WIQx4bhCtA2L8KY5_OGRP5MPq5bAEj4qorVASCgYjlpoQWFUe6mw1gQS4ZdMNe32BBr86Tg&amp;__tn__=K-R\" target=\"_blank\" rel=\"noopener\">M\u00e9dicos del Mundo en Guatemala<\/a>, donde se desarroll\u00f3 la actividad denominada programa encuentro inter g\u00e9nero.<\/p>\n<p style=\"text-align: justify;\">El objetivo general de la actividad fue contribuir a la sensibilizaci\u00f3n de la poblaci\u00f3n en gen<span class=\"textexposedshow\">eral sobre la prevenci\u00f3n de la violencia contra las mujeres a fin de fortalecer la relaci\u00f3n entre lideresas y autoridades comunitarias, con esto lograr un intercambio de saberes entre hombres y mujeres participantes de las diferentes comunidades que permitan la reflexi\u00f3n, dialogo y debate, sobre la situaci\u00f3n de violencia que sufren las mujeres en sus comunidades, compartir las experiencias de violaci\u00f3n de los derechos humanos de las mujeres tanto a nivel comunitario como urbano, para conocer las distintas formas y contextos de la violencia contra las mujeres.<\/span><\/p>\n<p><a href=\"https:\/\/www.facebook.com\/hashtag\/guatemalanosedetiene?__eep__=6&amp;source=feed_text&amp;epa=HASHTAG&amp;__xts__%5B0%5D=68.ARBygWAMwgB12KN_YlPrbVHr0KpK3eUcnlFkgMnjysjUMEWbYpncd8xePOD9UC312m30o0_4ichLWXv449YYEM0wsZ_8fu0OJ611vy4WfDvdsnekbrN3SPwRrGiU_F27KAXUPLzmt4_nrOkkayIexZWDBpa17B6qk0J-bkOGMpsp61Cx8_DXo1yan0sudjKbGtQYhyloPcbcD0VqLuN5q_sy6yTZ5E8V3v8N2R90nyYsH53WIQx4bhCtA2L8KY5_OGRP5MPq5bAEj4qorVASCgYjlpoQWFUe6mw1gQS4ZdMNe32BBr86Tg&amp;__tn__=%2ANK-R\" target=\"_blank\" rel=\"noopener\" data-ft=\"{&quot;type&quot;:104,&quot;tn&quot;:&quot;*N&quot;}\"><span class=\"58cl\"><span aria-label=\"hashtag\"><span style=\"text-decoration: none; text-underline: none;\">#<\/span><\/span><\/span><span class=\"58cm\">GuatemalaNoSeDetiene<\/span><\/a><br \/>\n<a href=\"https:\/\/www.facebook.com\/hashtag\/juntossaldremosadelante?__eep__=6&amp;source=feed_text&amp;epa=HASHTAG&amp;__xts__%5B0%5D=68.ARBygWAMwgB12KN_YlPrbVHr0KpK3eUcnlFkgMnjysjUMEWbYpncd8xePOD9UC312m30o0_4ichLWXv449YYEM0wsZ_8fu0OJ611vy4WfDvdsnekbrN3SPwRrGiU_F27KAXUPLzmt4_nrOkkayIexZWDBpa17B6qk0J-bkOGMpsp61Cx8_DXo1yan0sudjKbGtQYhyloPcbcD0VqLuN5q_sy6yTZ5E8V3v8N2R90nyYsH53WIQx4bhCtA2L8KY5_OGRP5MPq5bAEj4qorVASCgYjlpoQWFUe6mw1gQS4ZdMNe32BBr86Tg&amp;__tn__=%2ANK-R\" target=\"_blank\" rel=\"noopener\" data-ft=\"{&quot;type&quot;:104,&quot;tn&quot;:&quot;*N&quot;}\"><span class=\"58cl\"><span aria-label=\"hashtag\"><span style=\"text-decoration: none; text-underline: none;\">#<\/span><\/span><\/span><span class=\"58cm\">JuntosSaldremosAdelante<\/span><\/a><\/p>\n<div><\/div>\n","protected":false},"excerpt":{"rendered":"<p>El objetivo general de la actividad fue contribuir a la sensibilizaci\u00f3n de la poblaci\u00f3n en general sobre la prevenci\u00f3n de la violencia contra las mujeres a fin de fortalecer la relaci\u00f3n entre lideresas y autoridades comunitarias.<\/p>\n","protected":false},"author":1,"featured_media":10933,"comment_status":"closed","ping_status":"open","sticky":false,"template":"","format":"gallery","meta":[],"categories":[197],"tags":[178],"_links":{"self":[{"href":"https:\/\/gobernacionaltaverapaz.gob.gt\/index.php?rest_route=\/wp\/v2\/posts\/10927"}],"collection":[{"href":"https:\/\/gobernacionaltaverapaz.gob.gt\/index.php?rest_route=\/wp\/v2\/posts"}],"about":[{"href":"https:\/\/gobernacionaltaverapaz.gob.gt\/index.php?rest_route=\/wp\/v2\/types\/post"}],"author":[{"embeddable":true,"href":"https:\/\/gobernacionaltaverapaz.gob.gt\/index.php?rest_route=\/wp\/v2\/users\/1"}],"replies":[{"embeddable":true,"href":"https:\/\/gobernacionaltaverapaz.gob.gt\/index.php?rest_route=%2Fwp%2Fv2%2Fcomments&post=10927"}],"version-history":[{"count":3,"href":"https:\/\/gobernacionaltaverapaz.gob.gt\/index.php?rest_route=\/wp\/v2\/posts\/10927\/revisions"}],"predecessor-version":[{"id":10936,"href":"https:\/\/gobernacionaltaverapaz.gob.gt\/index.php?rest_route=\/wp\/v2\/posts\/10927\/revisions\/10936"}],"wp:featuredmedia":[{"embeddable":true,"href":"https:\/\/gobernacionaltaverapaz.gob.gt\/index.php?rest_route=\/wp\/v2\/media\/10933"}],"wp:attachment":[{"href":"https:\/\/gobernacionaltaverapaz.gob.gt\/index.php?rest_route=%2Fwp%2Fv2%2Fmedia&parent=10927"}],"wp:term":[{"taxonomy":"category","embeddable":true,"href":"https:\/\/gobernacionaltaverapaz.gob.gt\/index.php?rest_route=%2Fwp%2Fv2%2Fcategories&post=10927"},{"taxonomy":"post_tag","embeddable":true,"href":"https:\/\/gobernacionaltaverapaz.gob.gt\/index.php?rest_route=%2Fwp%2Fv2%2Ftags&post=10927"}],"curies":[{"name":"wp","href":"https:\/\/api.w.org\/{rel}","templated":true}]}}