{"id":10937,"date":"2021-05-31T17:11:31","date_gmt":"2021-05-31T23:11:31","guid":{"rendered":"https:\/\/gobernacionaltaverapaz.gob.gt\/?p=10937"},"modified":"2021-06-01T12:30:13","modified_gmt":"2021-06-01T18:30:13","slug":"recorrido-de-la-antorcha-bicentenario-en-los-municipios-de-san-cristbal-verapaz-santa-cruz-verapaz","status":"publish","type":"post","link":"https:\/\/gobernacionaltaverapaz.gob.gt\/?p=10937","title":{"rendered":"Recorrido de la Antorcha Bicentenario en los municipios de San Crist\u00f3bal Verapaz y Santa Cruz Verapaz"},"content":{"rendered":"<p style=\"text-align: justify;\">En el Municipio de San Crist\u00f3bal Verapaz fue declarado hu\u00e9sped distinguido Fredy Leonel Archila Morales bot\u00e1nico guatemalteco, especialista en orqu\u00eddeas.<\/p>\n<p style=\"text-align: justify;\">Fredy Leonel Archila Morales<br \/>\n<span class=\"textexposedshow\">Naci\u00f3 en la ciudad de Cob\u00e1n, Alta Verapaz, el 2 de abril de 1973 en el seno de una familia que ya estaba dedicada al estudio de las orqu\u00eddeas. Hijo de Oscar Archila Euler (1938 \u2013 2007) y de Adelivia Morales de Archila. <\/span><\/p>\n<p style=\"text-align: justify;\">El presidente <a href=\"https:\/\/www.facebook.com\/AlejandroGiammattei\/?fref=mentions&amp;__xts__%5B0%5D=68.ARBKWKESGotNv_I2lryRqPdJhiuvLMa4YnvWqMWu-46rJH004LAK4TlzdjxUkQDpdCWW82RffB4d2zNXvaXCieIPE5v932NwORTcE-woEfRDDg2GPktwHYfwA1LTX6JDknzxqKQZVSpoI4GJLLt7BG1eUYvyEmmW9eg4aoNXpyTMqNPSfkJJZBW9iMge3u4ZBlrFtKAvcuT_hwlrj9C3kzDW6FiGLUnneyi0xRF6s3JGIJli2TGjl2RUZEbZP4q8tPpPu3jlCc-BhDC5X1tIlGdEfyHvmlaaQtUE3wW0rVfqUCx4NHY6mg&amp;__tn__=K-R\" target=\"_blank\" rel=\"noopener\">Alejandro Giammattei<\/a> y el ministro de Ambiente y Recursos Naturales, Mario Rojas Espino, entregaron la Medalla Presidencial del Medio Ambiente 2020 a Fredy Leonel Archila Morales, quien ha dedicado su vida al estudio, conservaci\u00f3n y cuidado de las orqu\u00eddeas, y especialmente la Monja Blanca, Flor Nacional de Guatemala.<\/p>\n<p><a href=\"https:\/\/www.facebook.com\/hashtag\/guatemalanosedetiene?__eep__=6&amp;source=feed_text&amp;epa=HASHTAG&amp;__xts__%5B0%5D=68.ARBKWKESGotNv_I2lryRqPdJhiuvLMa4YnvWqMWu-46rJH004LAK4TlzdjxUkQDpdCWW82RffB4d2zNXvaXCieIPE5v932NwORTcE-woEfRDDg2GPktwHYfwA1LTX6JDknzxqKQZVSpoI4GJLLt7BG1eUYvyEmmW9eg4aoNXpyTMqNPSfkJJZBW9iMge3u4ZBlrFtKAvcuT_hwlrj9C3kzDW6FiGLUnneyi0xRF6s3JGIJli2TGjl2RUZEbZP4q8tPpPu3jlCc-BhDC5X1tIlGdEfyHvmlaaQtUE3wW0rVfqUCx4NHY6mg&amp;__tn__=%2ANK-R\" target=\"_blank\" rel=\"noopener\" data-ft=\"{&quot;type&quot;:104,&quot;tn&quot;:&quot;*N&quot;}\"><span class=\"58cl\"><span aria-label=\"hashtag\"><span style=\"text-decoration: none; text-underline: none;\">#<\/span><\/span><\/span><span class=\"58cm\">GuatemalaNoSeDetiene<\/span><\/a><br \/>\n<a href=\"https:\/\/www.facebook.com\/hashtag\/juntossaldremosadelante?__eep__=6&amp;source=feed_text&amp;epa=HASHTAG&amp;__xts__%5B0%5D=68.ARBKWKESGotNv_I2lryRqPdJhiuvLMa4YnvWqMWu-46rJH004LAK4TlzdjxUkQDpdCWW82RffB4d2zNXvaXCieIPE5v932NwORTcE-woEfRDDg2GPktwHYfwA1LTX6JDknzxqKQZVSpoI4GJLLt7BG1eUYvyEmmW9eg4aoNXpyTMqNPSfkJJZBW9iMge3u4ZBlrFtKAvcuT_hwlrj9C3kzDW6FiGLUnneyi0xRF6s3JGIJli2TGjl2RUZEbZP4q8tPpPu3jlCc-BhDC5X1tIlGdEfyHvmlaaQtUE3wW0rVfqUCx4NHY6mg&amp;__tn__=%2ANK-R\" target=\"_blank\" rel=\"noopener\" data-ft=\"{&quot;type&quot;:104,&quot;tn&quot;:&quot;*N&quot;}\"><span class=\"58cl\"><span aria-label=\"hashtag\"><span style=\"text-decoration: none; text-underline: none;\">#<\/span><\/span><\/span><span class=\"58cm\">JuntosSaldremosAdelante<\/span><\/a><\/p>\n<div><\/div>\n<div><a href=\"https:\/\/www.facebook.com\/GobernacionAV\/videos\/279682600524606\/?t=23\" target=\"_blank\" rel=\"noopener\"><img decoding=\"async\" loading=\"lazy\" class=\"alignleft wp-image-10975 size-medium\" title=\"Ver video en Facebook\" src=\"https:\/\/gobernacionaltaverapaz.gob.gt\/wp-content\/uploads\/2021\/05\/001-17-300x200.jpg\" alt=\"\" width=\"300\" height=\"200\" srcset=\"https:\/\/gobernacionaltaverapaz.gob.gt\/wp-content\/uploads\/2021\/05\/001-17-300x200.jpg 300w, https:\/\/gobernacionaltaverapaz.gob.gt\/wp-content\/uploads\/2021\/05\/001-17-768x512.jpg 768w, https:\/\/gobernacionaltaverapaz.gob.gt\/wp-content\/uploads\/2021\/05\/001-17.jpg 900w\" sizes=\"(max-width: 300px) 100vw, 300px\" \/><\/a><\/div>\n","protected":false},"excerpt":{"rendered":"<p>En el Municipio de San Crist\u00f3bal Verapaz fue declarado hu\u00e9sped distinguido Fredy Leonel Archila Morales bot\u00e1nico guatemalteco, especialista en orqu\u00eddeas. Fredy Leonel Archila Morales Naci\u00f3 en la ciudad de Cob\u00e1n, Alta Verapaz, el 2 de abril de 1973 en el seno de una familia que ya estaba dedicada al estudio de las orqu\u00eddeas. Hijo de [&hellip;]<\/p>\n","protected":false},"author":1,"featured_media":10943,"comment_status":"closed","ping_status":"open","sticky":false,"template":"","format":"video","meta":[],"categories":[183],"tags":[178],"_links":{"self":[{"href":"https:\/\/gobernacionaltaverapaz.gob.gt\/index.php?rest_route=\/wp\/v2\/posts\/10937"}],"collection":[{"href":"https:\/\/gobernacionaltaverapaz.gob.gt\/index.php?rest_route=\/wp\/v2\/posts"}],"about":[{"href":"https:\/\/gobernacionaltaverapaz.gob.gt\/index.php?rest_route=\/wp\/v2\/types\/post"}],"author":[{"embeddable":true,"href":"https:\/\/gobernacionaltaverapaz.gob.gt\/index.php?rest_route=\/wp\/v2\/users\/1"}],"replies":[{"embeddable":true,"href":"https:\/\/gobernacionaltaverapaz.gob.gt\/index.php?rest_route=%2Fwp%2Fv2%2Fcomments&post=10937"}],"version-history":[{"count":4,"href":"https:\/\/gobernacionaltaverapaz.gob.gt\/index.php?rest_route=\/wp\/v2\/posts\/10937\/revisions"}],"predecessor-version":[{"id":10977,"href":"https:\/\/gobernacionaltaverapaz.gob.gt\/index.php?rest_route=\/wp\/v2\/posts\/10937\/revisions\/10977"}],"wp:featuredmedia":[{"embeddable":true,"href":"https:\/\/gobernacionaltaverapaz.gob.gt\/index.php?rest_route=\/wp\/v2\/media\/10943"}],"wp:attachment":[{"href":"https:\/\/gobernacionaltaverapaz.gob.gt\/index.php?rest_route=%2Fwp%2Fv2%2Fmedia&parent=10937"}],"wp:term":[{"taxonomy":"category","embeddable":true,"href":"https:\/\/gobernacionaltaverapaz.gob.gt\/index.php?rest_route=%2Fwp%2Fv2%2Fcategories&post=10937"},{"taxonomy":"post_tag","embeddable":true,"href":"https:\/\/gobernacionaltaverapaz.gob.gt\/index.php?rest_route=%2Fwp%2Fv2%2Ftags&post=10937"}],"curies":[{"name":"wp","href":"https:\/\/api.w.org\/{rel}","templated":true}]}}