{"id":10957,"date":"2021-05-28T21:40:24","date_gmt":"2021-05-29T03:40:24","guid":{"rendered":"https:\/\/gobernacionaltaverapaz.gob.gt\/?p=10957"},"modified":"2021-06-01T12:24:26","modified_gmt":"2021-06-01T18:24:26","slug":"reunin-de-codede-celebrado-en-san-pedro-carch-av","status":"publish","type":"post","link":"https:\/\/gobernacionaltaverapaz.gob.gt\/?p=10957","title":{"rendered":"Reuni\u00f3n de CODEDE, celebrado en San Pedro Carch\u00e1 A.V."},"content":{"rendered":"<p style=\"text-align: justify;\">Se realiz\u00f3 reuni\u00f3n mensual ordinaria del Consejo Departamental de Desarrollo -CODEDE- presidida por el Se\u00f1or Gobernador y Presidente del -CODEDEAV-, Ing. Romel Manuel Veliz Castro, con la presencia de Alcaldes Municipales, Delegados Institucionales del Departamento y Sociedad Civil.<\/p>\n<p style=\"text-align: justify;\">En la reuni\u00f3n se abordaron temas de relevancia para el departamento como: Socializaci\u00f3n de foro virtual COPERACI\u00d3N Y ALIANZAS PARA EL DESARROLLO, en el Departamento de Alta Verapaz, actualizaci\u00f3n de informaci\u00f3n de los planes de Desarrollo Departamental, Informe de avances f\u00edsicos y financieros de proyectos ejecutados por recursos de IVA-PAZ, entre otros.<\/p>\n<p><a href=\"https:\/\/www.facebook.com\/hashtag\/guatemalanosedetiene?__eep__=6&amp;source=feed_text&amp;epa=HASHTAG&amp;__xts__%5B0%5D=68.ARB187SBdVPafwJ3osFg6CN-n3SNkExzysH8dAMNNKxeQedboEu9S7viQEMOwJrSfgYI4pIp7VHMWB13FB3aSGGkz3zykv-Nyf4ZwwuyFTO3olBnc86X1F3LZm1ojv575onYYut72zFHa76yYHtxUvW1LZ67FY-SVN0KeEsDcTQi3iPRTqnYH1PfOX5ti6RFfL1UFxtgCeVLjnPeb2KiyqBCNAJKSDTitLHd3iND5Qr839ej5BEcGFCGCT1G3jCZAWAUL9fDh8cWFL0tZCf2My0quictbsQg0IJbNvkytlWvxZ8nxDKySA&amp;__tn__=%2ANK-R\" target=\"_blank\" rel=\"noopener\" data-ft=\"{&quot;type&quot;:104,&quot;tn&quot;:&quot;*N&quot;}\"><span aria-label=\"hashtag\">#<\/span>GuatemalaNoSeDetiene<\/a><br \/>\n<a href=\"https:\/\/www.facebook.com\/hashtag\/juntossaldremosadelante?__eep__=6&amp;source=feed_text&amp;epa=HASHTAG&amp;__xts__%5B0%5D=68.ARB187SBdVPafwJ3osFg6CN-n3SNkExzysH8dAMNNKxeQedboEu9S7viQEMOwJrSfgYI4pIp7VHMWB13FB3aSGGkz3zykv-Nyf4ZwwuyFTO3olBnc86X1F3LZm1ojv575onYYut72zFHa76yYHtxUvW1LZ67FY-SVN0KeEsDcTQi3iPRTqnYH1PfOX5ti6RFfL1UFxtgCeVLjnPeb2KiyqBCNAJKSDTitLHd3iND5Qr839ej5BEcGFCGCT1G3jCZAWAUL9fDh8cWFL0tZCf2My0quictbsQg0IJbNvkytlWvxZ8nxDKySA&amp;__tn__=%2ANK-R\" target=\"_blank\" rel=\"noopener\" data-ft=\"{&quot;type&quot;:104,&quot;tn&quot;:&quot;*N&quot;}\"><span aria-label=\"hashtag\">#<\/span>JuntosSaldremosAdelante<\/a><\/p>\n<div><\/div>\n<p>&nbsp;<\/p>\n","protected":false},"excerpt":{"rendered":"<p>Se realiz\u00f3 reuni\u00f3n mensual ordinaria del Consejo Departamental de Desarrollo -CODEDE- presidida por el Se\u00f1or Gobernador y Presidente del -CODEDEAV-, Ing. Romel Manuel Veliz Castro, con la presencia de Alcaldes Municipales, Delegados Institucionales del Departamento y Sociedad Civil. En la reuni\u00f3n se abordaron temas de relevancia para el departamento como: Socializaci\u00f3n de foro virtual COPERACI\u00d3N [&hellip;]<\/p>\n","protected":false},"author":1,"featured_media":10967,"comment_status":"closed","ping_status":"open","sticky":false,"template":"","format":"gallery","meta":[],"categories":[194],"tags":[178],"_links":{"self":[{"href":"https:\/\/gobernacionaltaverapaz.gob.gt\/index.php?rest_route=\/wp\/v2\/posts\/10957"}],"collection":[{"href":"https:\/\/gobernacionaltaverapaz.gob.gt\/index.php?rest_route=\/wp\/v2\/posts"}],"about":[{"href":"https:\/\/gobernacionaltaverapaz.gob.gt\/index.php?rest_route=\/wp\/v2\/types\/post"}],"author":[{"embeddable":true,"href":"https:\/\/gobernacionaltaverapaz.gob.gt\/index.php?rest_route=\/wp\/v2\/users\/1"}],"replies":[{"embeddable":true,"href":"https:\/\/gobernacionaltaverapaz.gob.gt\/index.php?rest_route=%2Fwp%2Fv2%2Fcomments&post=10957"}],"version-history":[{"count":2,"href":"https:\/\/gobernacionaltaverapaz.gob.gt\/index.php?rest_route=\/wp\/v2\/posts\/10957\/revisions"}],"predecessor-version":[{"id":10974,"href":"https:\/\/gobernacionaltaverapaz.gob.gt\/index.php?rest_route=\/wp\/v2\/posts\/10957\/revisions\/10974"}],"wp:featuredmedia":[{"embeddable":true,"href":"https:\/\/gobernacionaltaverapaz.gob.gt\/index.php?rest_route=\/wp\/v2\/media\/10967"}],"wp:attachment":[{"href":"https:\/\/gobernacionaltaverapaz.gob.gt\/index.php?rest_route=%2Fwp%2Fv2%2Fmedia&parent=10957"}],"wp:term":[{"taxonomy":"category","embeddable":true,"href":"https:\/\/gobernacionaltaverapaz.gob.gt\/index.php?rest_route=%2Fwp%2Fv2%2Fcategories&post=10957"},{"taxonomy":"post_tag","embeddable":true,"href":"https:\/\/gobernacionaltaverapaz.gob.gt\/index.php?rest_route=%2Fwp%2Fv2%2Ftags&post=10957"}],"curies":[{"name":"wp","href":"https:\/\/api.w.org\/{rel}","templated":true}]}}