{"id":10979,"date":"2021-06-02T06:55:24","date_gmt":"2021-06-02T12:55:24","guid":{"rendered":"https:\/\/gobernacionaltaverapaz.gob.gt\/?p=10979"},"modified":"2021-06-02T15:48:41","modified_gmt":"2021-06-02T21:48:41","slug":"reactivacin-de-la-red-vet-en-av","status":"publish","type":"post","link":"https:\/\/gobernacionaltaverapaz.gob.gt\/?p=10979","title":{"rendered":"Reactivaci\u00f3n de la Red VET en A.V."},"content":{"rendered":"<p style=\"text-align: justify;\">La Secretaria contra la Violencia Sexual, Explotaci\u00f3n y Trata de Personas (SVET) trabaja en prevenir estos cr\u00edmenes por medio de las Redes Departamentales VET, las cuales son instancias de coordinaci\u00f3n a nivel Departamental.<\/p>\n<p style=\"text-align: justify;\">El Se\u00f1or Gobernador Departamental, Romel Manuel Veliz Castro, participo en la reuni\u00f3n de la Red VET en Alta Verapaz, reuni\u00f3n encabezada por Sandy Recinos, Secretaria ejecutiva de la SVET y Alcaldes Municipales del Departamento, en la actividad se dio a conocer la incidencia de estos delitos en el departamento, as\u00ed como la propuesta de una estrategia articulada que tenga impacto y genere cambios en las comunidades.<\/p>\n<p style=\"text-align: justify;\">La Red VET se contempla dentro del Plan Nacional para la prevenci\u00f3n de los delitos de Violencia Sexual, Explotaci\u00f3n y Trata de Personas, el cual busca coadyuvar con la reducci\u00f3n de los \u00edndices de estos delitos, los cuales afecta especialmente a ni\u00f1os, adolescentes y mujeres a nivel nacional.<\/p>\n<p><a href=\"https:\/\/www.facebook.com\/hashtag\/svet?__eep__=6&amp;source=feed_text&amp;epa=HASHTAG&amp;__xts__%5B0%5D=68.ARCpzQGYiIu9VMqafokmJcUv7qdbfsCk9YbhXexDANZBRTwu8EKMwujBVXGnXtAD2uaZ45p08plD43EgkZ0-Zt2V-iQ7yGL0X7y90xe3bSR5hspNDDisHj3I4q_HD0FgenXP_9BzvRc0mTXhdxSZwpRQUSSqktzbYv9HrvZKtNnh2AV1Lmxi9MUmzbVx35KRtkBHUwhrAvS9rI8Lp60Ud0mb_KQZZz6XDwH34bNhFMY9wrMlSH2GMpj4PttkPPuFrvhSouUZ4A9Z0nxPVHylFgf52ig_OkQDbyKTFrfozLcWBZoVbKPl8Q&amp;__tn__=%2ANK-R\" target=\"_blank\" rel=\"noopener\" data-ft=\"{&quot;type&quot;:104,&quot;tn&quot;:&quot;*N&quot;}\"><span aria-label=\"hashtag\">#<\/span>svet<\/a><br \/>\n<a href=\"https:\/\/www.facebook.com\/hashtag\/juntossaldremosadelante?__eep__=6&amp;source=feed_text&amp;epa=HASHTAG&amp;__xts__%5B0%5D=68.ARCpzQGYiIu9VMqafokmJcUv7qdbfsCk9YbhXexDANZBRTwu8EKMwujBVXGnXtAD2uaZ45p08plD43EgkZ0-Zt2V-iQ7yGL0X7y90xe3bSR5hspNDDisHj3I4q_HD0FgenXP_9BzvRc0mTXhdxSZwpRQUSSqktzbYv9HrvZKtNnh2AV1Lmxi9MUmzbVx35KRtkBHUwhrAvS9rI8Lp60Ud0mb_KQZZz6XDwH34bNhFMY9wrMlSH2GMpj4PttkPPuFrvhSouUZ4A9Z0nxPVHylFgf52ig_OkQDbyKTFrfozLcWBZoVbKPl8Q&amp;__tn__=%2ANK-R\" target=\"_blank\" rel=\"noopener\" data-ft=\"{&quot;type&quot;:104,&quot;tn&quot;:&quot;*N&quot;}\"><span aria-label=\"hashtag\">#<\/span>juntossaldremosadelante<\/a><br \/>\n<a href=\"https:\/\/www.facebook.com\/hashtag\/guatemalanosedetiene?__eep__=6&amp;source=feed_text&amp;epa=HASHTAG&amp;__xts__%5B0%5D=68.ARCpzQGYiIu9VMqafokmJcUv7qdbfsCk9YbhXexDANZBRTwu8EKMwujBVXGnXtAD2uaZ45p08plD43EgkZ0-Zt2V-iQ7yGL0X7y90xe3bSR5hspNDDisHj3I4q_HD0FgenXP_9BzvRc0mTXhdxSZwpRQUSSqktzbYv9HrvZKtNnh2AV1Lmxi9MUmzbVx35KRtkBHUwhrAvS9rI8Lp60Ud0mb_KQZZz6XDwH34bNhFMY9wrMlSH2GMpj4PttkPPuFrvhSouUZ4A9Z0nxPVHylFgf52ig_OkQDbyKTFrfozLcWBZoVbKPl8Q&amp;__tn__=%2ANK-R\" target=\"_blank\" rel=\"noopener\" data-ft=\"{&quot;type&quot;:104,&quot;tn&quot;:&quot;*N&quot;}\"><span aria-label=\"hashtag\">#<\/span>GuatemalaNoSeDetiene<\/a><\/p>\n<p>&nbsp;<\/p>\n","protected":false},"excerpt":{"rendered":"<p>En la actividad se dio a conocer la incidencia de estos delitos en el departamento.<\/p>\n","protected":false},"author":1,"featured_media":10984,"comment_status":"closed","ping_status":"open","sticky":false,"template":"","format":"gallery","meta":[],"categories":[197],"tags":[178],"_links":{"self":[{"href":"https:\/\/gobernacionaltaverapaz.gob.gt\/index.php?rest_route=\/wp\/v2\/posts\/10979"}],"collection":[{"href":"https:\/\/gobernacionaltaverapaz.gob.gt\/index.php?rest_route=\/wp\/v2\/posts"}],"about":[{"href":"https:\/\/gobernacionaltaverapaz.gob.gt\/index.php?rest_route=\/wp\/v2\/types\/post"}],"author":[{"embeddable":true,"href":"https:\/\/gobernacionaltaverapaz.gob.gt\/index.php?rest_route=\/wp\/v2\/users\/1"}],"replies":[{"embeddable":true,"href":"https:\/\/gobernacionaltaverapaz.gob.gt\/index.php?rest_route=%2Fwp%2Fv2%2Fcomments&post=10979"}],"version-history":[{"count":3,"href":"https:\/\/gobernacionaltaverapaz.gob.gt\/index.php?rest_route=\/wp\/v2\/posts\/10979\/revisions"}],"predecessor-version":[{"id":10993,"href":"https:\/\/gobernacionaltaverapaz.gob.gt\/index.php?rest_route=\/wp\/v2\/posts\/10979\/revisions\/10993"}],"wp:featuredmedia":[{"embeddable":true,"href":"https:\/\/gobernacionaltaverapaz.gob.gt\/index.php?rest_route=\/wp\/v2\/media\/10984"}],"wp:attachment":[{"href":"https:\/\/gobernacionaltaverapaz.gob.gt\/index.php?rest_route=%2Fwp%2Fv2%2Fmedia&parent=10979"}],"wp:term":[{"taxonomy":"category","embeddable":true,"href":"https:\/\/gobernacionaltaverapaz.gob.gt\/index.php?rest_route=%2Fwp%2Fv2%2Fcategories&post=10979"},{"taxonomy":"post_tag","embeddable":true,"href":"https:\/\/gobernacionaltaverapaz.gob.gt\/index.php?rest_route=%2Fwp%2Fv2%2Ftags&post=10979"}],"curies":[{"name":"wp","href":"https:\/\/api.w.org\/{rel}","templated":true}]}}