{"id":10994,"date":"2021-06-02T20:32:07","date_gmt":"2021-06-03T02:32:07","guid":{"rendered":"https:\/\/gobernacionaltaverapaz.gob.gt\/?p=10994"},"modified":"2021-06-04T08:36:51","modified_gmt":"2021-06-04T14:36:51","slug":"cambio-de-la-rosa-en-el-monumento-de-la-paz-homenaje-pstumo-juan-jos-rmulo-lpez-yat-jaime-oswaldo-pacay","status":"publish","type":"post","link":"https:\/\/gobernacionaltaverapaz.gob.gt\/?p=10994","title":{"rendered":"Cambio de la Rosa en el Monumento de la Paz homenaje p\u00f3stumo a: Juan Jos\u00e9 R\u00f3mulo L\u00f3pez Yat y Jaime Oswaldo Pacay"},"content":{"rendered":"<p style=\"text-align: justify;\">El Se\u00f1or Gobernador Departamental, Romel Manuel Veliz Castro y la Casa de la Cultura de Alta Verapaz, organizaron el acto de Cambio de la Rosa en el Monumento de la Paz, ubicado en el Parque Navidad del Palacio de Gobernaci\u00f3n Departamental de Alta Verapaz.<\/p>\n<p style=\"text-align: justify;\">Familiares del aviador Juan Jos\u00e9 L\u00f3pez Yat y el contador Jaime Oswaldo Pacay recibieron un dipl<span class=\"textexposedshow\">oma p\u00f3stumo que los acredita con el t\u00edtulo a Mensajeros de la Paz, por su ayuda durante el azote de las tormentas Eta y Iota, el acto se realiz\u00f3 para honrar, recordar y condecorar la vida de dos valientes hombres que perdieron la vida el domingo 8 de noviembre de 2020, cuando trasladaban ayuda humanitaria para los hermanos altaverapacenses damnificados de las tormentas Eta y Iota.<\/span><\/p>\n<p style=\"text-align: justify;\">El acto del Cambio de la Rosa tiene como objetivo reconocer la trayectoria de personas individuales o jur\u00eddicas que a trav\u00e9s de sus labores contribuyan a fomentar la paz en Guatemala.<\/p>\n<p><a href=\"https:\/\/www.facebook.com\/hashtag\/guatemalanosedetiene?__eep__=6&amp;source=feed_text&amp;epa=HASHTAG&amp;__xts__%5B0%5D=68.ARBAKW0FDPsMEK1Zrx3YqAjxs5Vznf3k9_FHasOSQ-xQpjYIKh3sYYTJVrTyqSImjN9VSDHHLgVlwoi0kp2dQweebkuyRLjyzCtzzL6PEvtQMomSwi0pZiuDlmzr6JLIy2xpDDrnZ4pdt4LfxixtUerR84UdMTowVg1sXsRLSjIE__yu2yZ4hail2ZnHeT96UpCmB1ODHY4qNVwTL6IC1oKk6VAJIo58nttL7DDueRjhGgPUjAcl6rBVYwrxGQhWNSzgWu34e-O6S4b2rZV_iuGfjDVb8JKCfGDMUfnV8GKzbgA8U71LOQ&amp;__tn__=%2ANK-R\" target=\"_blank\" rel=\"noopener\" data-ft=\"{&quot;type&quot;:104,&quot;tn&quot;:&quot;*N&quot;}\"><span class=\"58cl\"><span aria-label=\"hashtag\"><span style=\"color: blue;\">#<\/span><\/span><\/span><span class=\"58cm\"><span style=\"color: blue;\">GuatemalaNoSeDetiene<\/span><\/span><\/a><br \/>\n<a href=\"https:\/\/www.facebook.com\/hashtag\/juntossaldremosadelante?__eep__=6&amp;source=feed_text&amp;epa=HASHTAG&amp;__xts__%5B0%5D=68.ARBAKW0FDPsMEK1Zrx3YqAjxs5Vznf3k9_FHasOSQ-xQpjYIKh3sYYTJVrTyqSImjN9VSDHHLgVlwoi0kp2dQweebkuyRLjyzCtzzL6PEvtQMomSwi0pZiuDlmzr6JLIy2xpDDrnZ4pdt4LfxixtUerR84UdMTowVg1sXsRLSjIE__yu2yZ4hail2ZnHeT96UpCmB1ODHY4qNVwTL6IC1oKk6VAJIo58nttL7DDueRjhGgPUjAcl6rBVYwrxGQhWNSzgWu34e-O6S4b2rZV_iuGfjDVb8JKCfGDMUfnV8GKzbgA8U71LOQ&amp;__tn__=%2ANK-R\" target=\"_blank\" rel=\"noopener\" data-ft=\"{&quot;type&quot;:104,&quot;tn&quot;:&quot;*N&quot;}\"><span class=\"58cl\"><span aria-label=\"hashtag\"><span style=\"color: blue;\">#<\/span><\/span><\/span><span class=\"58cm\"><span style=\"color: blue;\">JuntosSaldremosAdelante<\/span><\/span><\/a><\/p>\n<div><\/div>\n","protected":false},"excerpt":{"rendered":"<p>Como objetivo reconocer la trayectoria de personas individuales o jur\u00eddicas que a trav\u00e9s de sus labores contribuyan a fomentar la paz en Guatemala.<\/p>\n","protected":false},"author":1,"featured_media":11001,"comment_status":"closed","ping_status":"open","sticky":false,"template":"","format":"gallery","meta":[],"categories":[183],"tags":[178],"_links":{"self":[{"href":"https:\/\/gobernacionaltaverapaz.gob.gt\/index.php?rest_route=\/wp\/v2\/posts\/10994"}],"collection":[{"href":"https:\/\/gobernacionaltaverapaz.gob.gt\/index.php?rest_route=\/wp\/v2\/posts"}],"about":[{"href":"https:\/\/gobernacionaltaverapaz.gob.gt\/index.php?rest_route=\/wp\/v2\/types\/post"}],"author":[{"embeddable":true,"href":"https:\/\/gobernacionaltaverapaz.gob.gt\/index.php?rest_route=\/wp\/v2\/users\/1"}],"replies":[{"embeddable":true,"href":"https:\/\/gobernacionaltaverapaz.gob.gt\/index.php?rest_route=%2Fwp%2Fv2%2Fcomments&post=10994"}],"version-history":[{"count":3,"href":"https:\/\/gobernacionaltaverapaz.gob.gt\/index.php?rest_route=\/wp\/v2\/posts\/10994\/revisions"}],"predecessor-version":[{"id":11010,"href":"https:\/\/gobernacionaltaverapaz.gob.gt\/index.php?rest_route=\/wp\/v2\/posts\/10994\/revisions\/11010"}],"wp:featuredmedia":[{"embeddable":true,"href":"https:\/\/gobernacionaltaverapaz.gob.gt\/index.php?rest_route=\/wp\/v2\/media\/11001"}],"wp:attachment":[{"href":"https:\/\/gobernacionaltaverapaz.gob.gt\/index.php?rest_route=%2Fwp%2Fv2%2Fmedia&parent=10994"}],"wp:term":[{"taxonomy":"category","embeddable":true,"href":"https:\/\/gobernacionaltaverapaz.gob.gt\/index.php?rest_route=%2Fwp%2Fv2%2Fcategories&post=10994"},{"taxonomy":"post_tag","embeddable":true,"href":"https:\/\/gobernacionaltaverapaz.gob.gt\/index.php?rest_route=%2Fwp%2Fv2%2Ftags&post=10994"}],"curies":[{"name":"wp","href":"https:\/\/api.w.org\/{rel}","templated":true}]}}