{"id":11011,"date":"2021-06-03T08:20:19","date_gmt":"2021-06-03T14:20:19","guid":{"rendered":"https:\/\/gobernacionaltaverapaz.gob.gt\/?p=11011"},"modified":"2021-06-04T08:52:38","modified_gmt":"2021-06-04T14:52:38","slug":"taller-juventud-participacin-ciudadana-en-el-marco-de-los-acuerdos-de-paz","status":"publish","type":"post","link":"https:\/\/gobernacionaltaverapaz.gob.gt\/?p=11011","title":{"rendered":"Taller: Juventud y participaci\u00f3n ciudadana  en el Marco de los Acuerdos de Paz"},"content":{"rendered":"<p style=\"text-align: justify;\">El Departamento de Seguimiento a los Acuerdos de Paz, de la Direcci\u00f3n de Fortalecimiento de la Paz \u2013DIFOPAZ-, de COPADEH, imparti\u00f3 el taller presencial \u201cJuventud y participaci\u00f3n ciudadana en el Marco de los Acuerdos de Paz\u201d, en Cob\u00e1n, Alta Verapaz, dirigido a j\u00f3venes.<\/p>\n<p style=\"text-align: justify;\">El Se\u00f1or Gobernador Departamental, Romel Manuel Veliz Castro, dio acompa\u00f1amiento al taller que tuvo como objetivo promover la partic<span class=\"textexposedshow\">ipaci\u00f3n activa de la juventud en los procesos de toma de decisiones, en los diferentes \u00e1mbitos, para la b\u00fasqueda de la Paz, el Se\u00f1or Gobernador Resalto a los j\u00f3venes la importancia de conocer sus Derechos pero especialmente sus obligaciones como ciudadanos guatemaltecos, los motivo a seguir participando en actividades que los motiven a ser ciudadanos de bien.<\/span><\/p>\n<p style=\"text-align: justify;\">Los contenidos que se desarrollaron son: Participaci\u00f3n ciudadana vinculado con el Acuerdo sobre Identidad y Derechos de los Pueblos Ind\u00edgenas, Acuerdo sobre Aspectos socioecon\u00f3micos y Situaci\u00f3n Agraria, as\u00ed como Acuerdo sobre el fortalecimiento del poder civil y Funci\u00f3n del ej\u00e9rcito en una sociedad democr\u00e1tica en concordancia al Plan General de Gobierno.<\/p>\n<p style=\"text-align: justify;\">El taller se realiz\u00f3 en coordinaci\u00f3n con el Consejo Nacional de la Juventud -CONJUVE-, Gobernaci\u00f3n Departamental y la municipalidad de Cob\u00e1n, y fue impartido a tres grupos de 25 j\u00f3venes cada uno, atendiendo el distanciamiento social.<\/p>\n<p><a href=\"https:\/\/www.facebook.com\/hashtag\/guatemalanosedetiene?__eep__=6&amp;source=feed_text&amp;epa=HASHTAG&amp;__xts__%5B0%5D=68.ARB0w8XPq7eDxmcN5-Y4-oNcRQq2WvpZ_yHOqTHgrQSocYz1_EBZu1cGZdiSvnw_u4-LcL2o9UF2VT08Y7Vr8_qsrlJH2sSXMR7b3gLUbEoz0gSaVFtf8G7n5wZVLgfgijUjWcNL6pjzX7M4SaJKkamZDDHFyIGpoAeiEgUxPhrUK1No7FwGidq2cxyAukYoJLXi05FbHkmT5Vzq1qP3ethnCgrE8q92rwjGxtKx49TAK38XL934SLzHwaAU0dRiHGzNVr4YEcFz_X1Fa03ZtNy2DcLCbCEKaV47chzflOy6BYhXmcxlcQ&amp;__tn__=%2ANK-R\" target=\"_blank\" rel=\"noopener\" data-ft=\"{&quot;type&quot;:104,&quot;tn&quot;:&quot;*N&quot;}\"><span class=\"58cl\"><span aria-label=\"hashtag\"><span style=\"color: blue;\">#<\/span><\/span><\/span><span class=\"58cm\"><span style=\"color: blue;\">GuatemalaNoSeDetiene<\/span><\/span><\/a><br \/>\n<a href=\"https:\/\/www.facebook.com\/hashtag\/juntossaldremosadelante?__eep__=6&amp;source=feed_text&amp;epa=HASHTAG&amp;__xts__%5B0%5D=68.ARB0w8XPq7eDxmcN5-Y4-oNcRQq2WvpZ_yHOqTHgrQSocYz1_EBZu1cGZdiSvnw_u4-LcL2o9UF2VT08Y7Vr8_qsrlJH2sSXMR7b3gLUbEoz0gSaVFtf8G7n5wZVLgfgijUjWcNL6pjzX7M4SaJKkamZDDHFyIGpoAeiEgUxPhrUK1No7FwGidq2cxyAukYoJLXi05FbHkmT5Vzq1qP3ethnCgrE8q92rwjGxtKx49TAK38XL934SLzHwaAU0dRiHGzNVr4YEcFz_X1Fa03ZtNy2DcLCbCEKaV47chzflOy6BYhXmcxlcQ&amp;__tn__=%2ANK-R\" target=\"_blank\" rel=\"noopener\" data-ft=\"{&quot;type&quot;:104,&quot;tn&quot;:&quot;*N&quot;}\"><span class=\"58cl\"><span aria-label=\"hashtag\"><span style=\"color: blue;\">#<\/span><\/span><\/span><span class=\"58cm\"><span style=\"color: blue;\">JuntosSaldremosAdelante<\/span><\/span><\/a><br \/>\n<a href=\"https:\/\/www.facebook.com\/hashtag\/copadeh?__eep__=6&amp;source=feed_text&amp;epa=HASHTAG&amp;__xts__%5B0%5D=68.ARB0w8XPq7eDxmcN5-Y4-oNcRQq2WvpZ_yHOqTHgrQSocYz1_EBZu1cGZdiSvnw_u4-LcL2o9UF2VT08Y7Vr8_qsrlJH2sSXMR7b3gLUbEoz0gSaVFtf8G7n5wZVLgfgijUjWcNL6pjzX7M4SaJKkamZDDHFyIGpoAeiEgUxPhrUK1No7FwGidq2cxyAukYoJLXi05FbHkmT5Vzq1qP3ethnCgrE8q92rwjGxtKx49TAK38XL934SLzHwaAU0dRiHGzNVr4YEcFz_X1Fa03ZtNy2DcLCbCEKaV47chzflOy6BYhXmcxlcQ&amp;__tn__=%2ANK-R\" target=\"_blank\" rel=\"noopener\" data-ft=\"{&quot;type&quot;:104,&quot;tn&quot;:&quot;*N&quot;}\"><span class=\"58cl\"><span aria-label=\"hashtag\"><span style=\"color: blue;\">#<\/span><\/span><\/span><span class=\"58cm\"><span style=\"color: blue;\">COPADEH<\/span><\/span><\/a><br \/>\n<a href=\"https:\/\/www.facebook.com\/hashtag\/difopaz?__eep__=6&amp;source=feed_text&amp;epa=HASHTAG&amp;__xts__%5B0%5D=68.ARB0w8XPq7eDxmcN5-Y4-oNcRQq2WvpZ_yHOqTHgrQSocYz1_EBZu1cGZdiSvnw_u4-LcL2o9UF2VT08Y7Vr8_qsrlJH2sSXMR7b3gLUbEoz0gSaVFtf8G7n5wZVLgfgijUjWcNL6pjzX7M4SaJKkamZDDHFyIGpoAeiEgUxPhrUK1No7FwGidq2cxyAukYoJLXi05FbHkmT5Vzq1qP3ethnCgrE8q92rwjGxtKx49TAK38XL934SLzHwaAU0dRiHGzNVr4YEcFz_X1Fa03ZtNy2DcLCbCEKaV47chzflOy6BYhXmcxlcQ&amp;__tn__=%2ANK-R\" target=\"_blank\" rel=\"noopener\" data-ft=\"{&quot;type&quot;:104,&quot;tn&quot;:&quot;*N&quot;}\"><span class=\"58cl\"><span aria-label=\"hashtag\"><span style=\"color: blue;\">#<\/span><\/span><\/span><span class=\"58cm\"><span style=\"color: blue;\">DIFOPAZ<\/span><\/span><\/a><\/p>\n<div><\/div>\n","protected":false},"excerpt":{"rendered":"<p>Tuvo como objetivo promover la participaci\u00f3n activa de la juventud en los procesos de toma de decisiones.<\/p>\n","protected":false},"author":1,"featured_media":11013,"comment_status":"closed","ping_status":"open","sticky":false,"template":"","format":"gallery","meta":[],"categories":[194],"tags":[178],"_links":{"self":[{"href":"https:\/\/gobernacionaltaverapaz.gob.gt\/index.php?rest_route=\/wp\/v2\/posts\/11011"}],"collection":[{"href":"https:\/\/gobernacionaltaverapaz.gob.gt\/index.php?rest_route=\/wp\/v2\/posts"}],"about":[{"href":"https:\/\/gobernacionaltaverapaz.gob.gt\/index.php?rest_route=\/wp\/v2\/types\/post"}],"author":[{"embeddable":true,"href":"https:\/\/gobernacionaltaverapaz.gob.gt\/index.php?rest_route=\/wp\/v2\/users\/1"}],"replies":[{"embeddable":true,"href":"https:\/\/gobernacionaltaverapaz.gob.gt\/index.php?rest_route=%2Fwp%2Fv2%2Fcomments&post=11011"}],"version-history":[{"count":4,"href":"https:\/\/gobernacionaltaverapaz.gob.gt\/index.php?rest_route=\/wp\/v2\/posts\/11011\/revisions"}],"predecessor-version":[{"id":11021,"href":"https:\/\/gobernacionaltaverapaz.gob.gt\/index.php?rest_route=\/wp\/v2\/posts\/11011\/revisions\/11021"}],"wp:featuredmedia":[{"embeddable":true,"href":"https:\/\/gobernacionaltaverapaz.gob.gt\/index.php?rest_route=\/wp\/v2\/media\/11013"}],"wp:attachment":[{"href":"https:\/\/gobernacionaltaverapaz.gob.gt\/index.php?rest_route=%2Fwp%2Fv2%2Fmedia&parent=11011"}],"wp:term":[{"taxonomy":"category","embeddable":true,"href":"https:\/\/gobernacionaltaverapaz.gob.gt\/index.php?rest_route=%2Fwp%2Fv2%2Fcategories&post=11011"},{"taxonomy":"post_tag","embeddable":true,"href":"https:\/\/gobernacionaltaverapaz.gob.gt\/index.php?rest_route=%2Fwp%2Fv2%2Ftags&post=11011"}],"curies":[{"name":"wp","href":"https:\/\/api.w.org\/{rel}","templated":true}]}}