{"id":11022,"date":"2021-06-04T17:52:52","date_gmt":"2021-06-04T23:52:52","guid":{"rendered":"https:\/\/gobernacionaltaverapaz.gob.gt\/?p=11022"},"modified":"2021-06-07T11:54:38","modified_gmt":"2021-06-07T17:54:38","slug":"reunin-con-directores-municipales-de-planificacin-de-las-17-municipalidades","status":"publish","type":"post","link":"https:\/\/gobernacionaltaverapaz.gob.gt\/?p=11022","title":{"rendered":"Reuni\u00f3n con Directores Municipales de Planificaci\u00f3n de las 17 municipalidades"},"content":{"rendered":"<p style=\"text-align: justify;\">Gobernador departamental, Ing. Romel Veliz, participa en la reuni\u00f3n programada por la secretar\u00eda de planificaci\u00f3n y programaci\u00f3n de la presidencia de la Delegaci\u00f3n Departamental de Alta Verapaz, la cual fue dirigida a los directores municipales de Planificaci\u00f3n del Departamento, en la que se trataron los temas:<\/p>\n<p style=\"text-align: justify;\">Actualizaci\u00f3n a las normas SNIP 2022, y la nueva herramienta para el An\u00e1lisis de Gesti\u00f3n de Riesgo en Proyectos de Inversi\u00f3n P\u00fablica (AGRIP). El respetable ingeniero dirige las palabras de cierre de la reuni\u00f3n incentivando a los Directores Municipales que pongan su mejor empe\u00f1o y dedicaci\u00f3n para que las propuestas de inversi\u00f3n se presenten de la mejor forma, cumpliendo con todos los requisitos de ley vigentes.<\/p>\n<p><a href=\"https:\/\/www.facebook.com\/hashtag\/segeplan?__eep__=6&amp;__cft__%5b0%5d=AZUB98bdl16neKIdNpWpXHo8xZVwWxWIduPnqBa0UrusBdDOTGJODFf7wM3PCjEABYx3UPyUuv6mcEVLqxmHmk3fb8YY8S2z8tu3vq93P8ac2Hm6FqMXMANjmCkeEr2afPVcCTJjcUdrvSD2vbDL9bQw&amp;__tn__=*NK-R\" target=\"_blank\" rel=\"noopener\">#SEGEPLAN<br \/>\n<\/a><a href=\"https:\/\/www.facebook.com\/hashtag\/guatemalanosedetiene?__eep__=6&amp;__cft__%5b0%5d=AZUB98bdl16neKIdNpWpXHo8xZVwWxWIduPnqBa0UrusBdDOTGJODFf7wM3PCjEABYx3UPyUuv6mcEVLqxmHmk3fb8YY8S2z8tu3vq93P8ac2Hm6FqMXMANjmCkeEr2afPVcCTJjcUdrvSD2vbDL9bQw&amp;__tn__=*NK-R\" target=\"_blank\" rel=\"noopener\">#GuatemalaNoSeDetiene<br \/>\n<\/a><a href=\"https:\/\/www.facebook.com\/hashtag\/juntossaldremosadelante?__eep__=6&amp;__cft__%5b0%5d=AZUB98bdl16neKIdNpWpXHo8xZVwWxWIduPnqBa0UrusBdDOTGJODFf7wM3PCjEABYx3UPyUuv6mcEVLqxmHmk3fb8YY8S2z8tu3vq93P8ac2Hm6FqMXMANjmCkeEr2afPVcCTJjcUdrvSD2vbDL9bQw&amp;__tn__=*NK-R\" target=\"_blank\" rel=\"noopener\">#JuntosSaldremosAdelante<br \/>\n<\/a><a href=\"https:\/\/www.facebook.com\/hashtag\/scepesdesarrollo?__eep__=6&amp;__cft__%5b0%5d=AZUB98bdl16neKIdNpWpXHo8xZVwWxWIduPnqBa0UrusBdDOTGJODFf7wM3PCjEABYx3UPyUuv6mcEVLqxmHmk3fb8YY8S2z8tu3vq93P8ac2Hm6FqMXMANjmCkeEr2afPVcCTJjcUdrvSD2vbDL9bQw&amp;__tn__=*NK-R\">#SCEPesDesarrollo<\/a><\/p>\n<div><\/div>\n","protected":false},"excerpt":{"rendered":"<p>Gobernador departamental, Ing. Romel Veliz, participa en la reuni\u00f3n programada por la secretar\u00eda de planificaci\u00f3n y programaci\u00f3n de la presidencia de la Delegaci\u00f3n Departamental de Alta Verapaz.<\/p>\n","protected":false},"author":1,"featured_media":11028,"comment_status":"closed","ping_status":"open","sticky":false,"template":"","format":"gallery","meta":[],"categories":[191],"tags":[178],"_links":{"self":[{"href":"https:\/\/gobernacionaltaverapaz.gob.gt\/index.php?rest_route=\/wp\/v2\/posts\/11022"}],"collection":[{"href":"https:\/\/gobernacionaltaverapaz.gob.gt\/index.php?rest_route=\/wp\/v2\/posts"}],"about":[{"href":"https:\/\/gobernacionaltaverapaz.gob.gt\/index.php?rest_route=\/wp\/v2\/types\/post"}],"author":[{"embeddable":true,"href":"https:\/\/gobernacionaltaverapaz.gob.gt\/index.php?rest_route=\/wp\/v2\/users\/1"}],"replies":[{"embeddable":true,"href":"https:\/\/gobernacionaltaverapaz.gob.gt\/index.php?rest_route=%2Fwp%2Fv2%2Fcomments&post=11022"}],"version-history":[{"count":3,"href":"https:\/\/gobernacionaltaverapaz.gob.gt\/index.php?rest_route=\/wp\/v2\/posts\/11022\/revisions"}],"predecessor-version":[{"id":11031,"href":"https:\/\/gobernacionaltaverapaz.gob.gt\/index.php?rest_route=\/wp\/v2\/posts\/11022\/revisions\/11031"}],"wp:featuredmedia":[{"embeddable":true,"href":"https:\/\/gobernacionaltaverapaz.gob.gt\/index.php?rest_route=\/wp\/v2\/media\/11028"}],"wp:attachment":[{"href":"https:\/\/gobernacionaltaverapaz.gob.gt\/index.php?rest_route=%2Fwp%2Fv2%2Fmedia&parent=11022"}],"wp:term":[{"taxonomy":"category","embeddable":true,"href":"https:\/\/gobernacionaltaverapaz.gob.gt\/index.php?rest_route=%2Fwp%2Fv2%2Fcategories&post=11022"},{"taxonomy":"post_tag","embeddable":true,"href":"https:\/\/gobernacionaltaverapaz.gob.gt\/index.php?rest_route=%2Fwp%2Fv2%2Ftags&post=11022"}],"curies":[{"name":"wp","href":"https:\/\/api.w.org\/{rel}","templated":true}]}}