{"id":11032,"date":"2021-06-08T14:31:31","date_gmt":"2021-06-08T20:31:31","guid":{"rendered":"https:\/\/gobernacionaltaverapaz.gob.gt\/?p=11032"},"modified":"2021-06-09T12:32:56","modified_gmt":"2021-06-09T18:32:56","slug":"acuerdo-de-cooperacin-entre-plan-international-gobernacin-departamental-de-alta-verapaz-para-la-realizacin-de-pasanta","status":"publish","type":"post","link":"https:\/\/gobernacionaltaverapaz.gob.gt\/?p=11032","title":{"rendered":"Acuerdo de Cooperaci\u00f3n entre Plan International INC. y Gobernaci\u00f3n departamental de Alta Verapaz para la realizaci\u00f3n de pasant\u00eda"},"content":{"rendered":"<p style=\"text-align: justify;\">El objetivo de la cooperaci\u00f3n es posibilitar que los j\u00f3venes que realicen los procesos de pasant\u00edas en el sector empresarial dentro de las diferentes Instituciones P\u00fablicas y Empresas Privadas permitan a los pasantes a aplicar y complementar los conocimientos adquiridos en su formaci\u00f3n acad\u00e9mica, y en su formaci\u00f3n del proceso de empleabilidad (financiado por Plan International, Inc., Guatemala), favoreciendo la adquisici\u00f3n de competencias que les preparen para el ejercicio de actividades profesionales, faciliten su empleabilidad. Las partes, considerando que pueden mejorar el desarrollo de sus respectivos cometidos mediante la cooperaci\u00f3n y la ayuda mutua, han decidido colaborar en el desarrollo de las pasant\u00edas.<\/p>\n<p style=\"text-align: justify;\">El Se\u00f1or Gobernador Departamental, Romel Manuel Veliz Castro, resalt\u00f3 la importancia de que los j\u00f3venes se involucren en actividades que les permitan desarrollar sus habilidades e implementar sus conocimientos, as\u00ed mismo agradece a las distintas instituciones que dan seguimiento a este tipo de procesos, ya que los j\u00f3venes son el presente de nuestro Pa\u00eds.<\/p>\n<p style=\"text-align: justify;\">Mirando al futuro\u2028Pasant\u00eda Laboral. \u2028Es un programa que se realiza en un espacio de 2 a 3 meses, en donde el joven pone en pr\u00e1ctica los conocimientos adquiridos durante el transcurso de su carrera acad\u00e9mica y lo aplica en el mercado laboral y de esta forma generar su primera experiencia laboral. Su fin es esencialmente educativo y formativo y brinda acceso a fuentes de trabajo formal y decente<br \/>\ndentro o fuera de la empresa.<\/p>\n<p><a href=\"https:\/\/www.facebook.com\/PlanGuatemala\/?fref=mentions&amp;__xts__%5B0%5D=68.ARDkyGmi1youvFznilwrAOoswNNWT_n94uASkDDnEY43H54BC3RAEd5vuU1qBnE4ke5sfkN6wxkDyAe6s9qvqaXZ1rZlK1PtJUzC4ice6LV5EfMTHo_txMMt7TrjybYmw6epKp0x_qi7m38mjFfK1ZcrD80gXDd87vDlRxAubr6_WxuXyA4ehjhJO2UNGR3utXXiv-ARD8p_He8XYsEWwaxc-44cbaonbtQHH7PXHGWxFgMFbJ2bMQXQiFTQxD5Ud5959RBTIGE-YW4_n16yQGJySQzANQKqLx8uuf-LZi40quA8JUrZXg&amp;__tn__=K-R\" target=\"_blank\" rel=\"noopener\">Plan International Guatemala<\/a><br \/>\n<a href=\"https:\/\/www.facebook.com\/hashtag\/guatemalanosedetiene?__eep__=6&amp;source=feed_text&amp;epa=HASHTAG&amp;__xts__%5B0%5D=68.ARDkyGmi1youvFznilwrAOoswNNWT_n94uASkDDnEY43H54BC3RAEd5vuU1qBnE4ke5sfkN6wxkDyAe6s9qvqaXZ1rZlK1PtJUzC4ice6LV5EfMTHo_txMMt7TrjybYmw6epKp0x_qi7m38mjFfK1ZcrD80gXDd87vDlRxAubr6_WxuXyA4ehjhJO2UNGR3utXXiv-ARD8p_He8XYsEWwaxc-44cbaonbtQHH7PXHGWxFgMFbJ2bMQXQiFTQxD5Ud5959RBTIGE-YW4_n16yQGJySQzANQKqLx8uuf-LZi40quA8JUrZXg&amp;__tn__=%2ANK-R\" target=\"_blank\" rel=\"noopener\" data-ft=\"{&quot;type&quot;:104,&quot;tn&quot;:&quot;*N&quot;}\"><span aria-label=\"hashtag\">#<\/span>GuatemalaNoSeDetiene<\/a><br \/>\n<a href=\"https:\/\/www.facebook.com\/hashtag\/planinternacional?__eep__=6&amp;source=feed_text&amp;epa=HASHTAG&amp;__xts__%5B0%5D=68.ARDkyGmi1youvFznilwrAOoswNNWT_n94uASkDDnEY43H54BC3RAEd5vuU1qBnE4ke5sfkN6wxkDyAe6s9qvqaXZ1rZlK1PtJUzC4ice6LV5EfMTHo_txMMt7TrjybYmw6epKp0x_qi7m38mjFfK1ZcrD80gXDd87vDlRxAubr6_WxuXyA4ehjhJO2UNGR3utXXiv-ARD8p_He8XYsEWwaxc-44cbaonbtQHH7PXHGWxFgMFbJ2bMQXQiFTQxD5Ud5959RBTIGE-YW4_n16yQGJySQzANQKqLx8uuf-LZi40quA8JUrZXg&amp;__tn__=%2ANK-R\" target=\"_blank\" rel=\"noopener\" data-ft=\"{&quot;type&quot;:104,&quot;tn&quot;:&quot;*N&quot;}\"><span aria-label=\"hashtag\">#<\/span>PlanInternacional<\/a><br \/>\n<a href=\"https:\/\/www.facebook.com\/hashtag\/planguatemala?__eep__=6&amp;source=feed_text&amp;epa=HASHTAG&amp;__xts__%5B0%5D=68.ARDkyGmi1youvFznilwrAOoswNNWT_n94uASkDDnEY43H54BC3RAEd5vuU1qBnE4ke5sfkN6wxkDyAe6s9qvqaXZ1rZlK1PtJUzC4ice6LV5EfMTHo_txMMt7TrjybYmw6epKp0x_qi7m38mjFfK1ZcrD80gXDd87vDlRxAubr6_WxuXyA4ehjhJO2UNGR3utXXiv-ARD8p_He8XYsEWwaxc-44cbaonbtQHH7PXHGWxFgMFbJ2bMQXQiFTQxD5Ud5959RBTIGE-YW4_n16yQGJySQzANQKqLx8uuf-LZi40quA8JUrZXg&amp;__tn__=%2ANK-R\" target=\"_blank\" rel=\"noopener\" data-ft=\"{&quot;type&quot;:104,&quot;tn&quot;:&quot;*N&quot;}\"><span aria-label=\"hashtag\">#<\/span>PlanGuatemala<\/a><\/p>\n<div><\/div>\n","protected":false},"excerpt":{"rendered":"<p>El objetivo de la cooperaci\u00f3n es posibilitar que los j\u00f3venes que realicen los procesos de pasant\u00edas en el sector empresarial dentro de las diferentes Instituciones P\u00fablicas y Empresas Privadas permitan a los pasantes a aplicar y complementar los conocimientos adquiridos en su formaci\u00f3n acad\u00e9mica, y en su formaci\u00f3n del proceso de empleabilidad (financiado por Plan [&hellip;]<\/p>\n","protected":false},"author":1,"featured_media":11033,"comment_status":"closed","ping_status":"open","sticky":false,"template":"","format":"gallery","meta":[],"categories":[183],"tags":[178],"_links":{"self":[{"href":"https:\/\/gobernacionaltaverapaz.gob.gt\/index.php?rest_route=\/wp\/v2\/posts\/11032"}],"collection":[{"href":"https:\/\/gobernacionaltaverapaz.gob.gt\/index.php?rest_route=\/wp\/v2\/posts"}],"about":[{"href":"https:\/\/gobernacionaltaverapaz.gob.gt\/index.php?rest_route=\/wp\/v2\/types\/post"}],"author":[{"embeddable":true,"href":"https:\/\/gobernacionaltaverapaz.gob.gt\/index.php?rest_route=\/wp\/v2\/users\/1"}],"replies":[{"embeddable":true,"href":"https:\/\/gobernacionaltaverapaz.gob.gt\/index.php?rest_route=%2Fwp%2Fv2%2Fcomments&post=11032"}],"version-history":[{"count":2,"href":"https:\/\/gobernacionaltaverapaz.gob.gt\/index.php?rest_route=\/wp\/v2\/posts\/11032\/revisions"}],"predecessor-version":[{"id":11039,"href":"https:\/\/gobernacionaltaverapaz.gob.gt\/index.php?rest_route=\/wp\/v2\/posts\/11032\/revisions\/11039"}],"wp:featuredmedia":[{"embeddable":true,"href":"https:\/\/gobernacionaltaverapaz.gob.gt\/index.php?rest_route=\/wp\/v2\/media\/11033"}],"wp:attachment":[{"href":"https:\/\/gobernacionaltaverapaz.gob.gt\/index.php?rest_route=%2Fwp%2Fv2%2Fmedia&parent=11032"}],"wp:term":[{"taxonomy":"category","embeddable":true,"href":"https:\/\/gobernacionaltaverapaz.gob.gt\/index.php?rest_route=%2Fwp%2Fv2%2Fcategories&post=11032"},{"taxonomy":"post_tag","embeddable":true,"href":"https:\/\/gobernacionaltaverapaz.gob.gt\/index.php?rest_route=%2Fwp%2Fv2%2Ftags&post=11032"}],"curies":[{"name":"wp","href":"https:\/\/api.w.org\/{rel}","templated":true}]}}