{"id":11092,"date":"2021-06-12T19:50:45","date_gmt":"2021-06-13T01:50:45","guid":{"rendered":"https:\/\/gobernacionaltaverapaz.gob.gt\/?p=11092"},"modified":"2021-06-14T10:10:46","modified_gmt":"2021-06-14T16:10:46","slug":"supervisin-de-ampliacin-escuela-primaria-aldea-chinama-lanqun-av","status":"publish","type":"post","link":"https:\/\/gobernacionaltaverapaz.gob.gt\/?p=11092","title":{"rendered":"Supervisi\u00f3n de Ampliaci\u00f3n Escuela Primaria Aldea Chinama, Lanqu\u00edn, A.V."},"content":{"rendered":"<p style=\"text-align: justify;\">El Se\u00f1or Gobernador Departamental, Romel Manuel Veliz Castro, acompa\u00f1ado del Se\u00f1or Alcalde Municipal, Roberto Pop Mo, realizaron un recorrido de supervisi\u00f3n a la ampliaci\u00f3n de la escuela primaria, aldea chinama, la cual consiste en; Modulo de aulas, m\u00f3dulo de letrinas con deposito aguas lluvias de block reforzado, mobiliario y equipamiento, medidas de mitigaci\u00f3n ambiental y combos de juegos infan<span class=\"textexposedshow\">tiles. <\/span><\/p>\n<p style=\"text-align: justify;\">La aldea cuenta con instalaciones de la escuela Pre Primaria y Primaria pero por el crecimiento poblacional estudiantil ya no llena los requisitos pedag\u00f3gicos, han venido utilizando galeras construidas por los mismos comunitarios por el aumento de n\u00famero de alumnos que actualmente se atiende 251 estudiantes, y de los 251 estudiantes 52 se ve\u00edan afectados, durante varios a\u00f1os y a trav\u00e9s del comit\u00e9 pro-mejoramiento en su oportunidad estuvieron gestionando ante las autoridades de turno para que se les construyera un edificio escolar de infraestructura s\u00f3lida y adecuada, sin haber encontrado una respuesta positiva a su petici\u00f3n, El se\u00f1or Presidente de la Republica <a href=\"https:\/\/www.facebook.com\/AlejandroGiammattei\/?fref=mentions&amp;__xts__%5B0%5D=68.ARCQtZy1hvyyGABK8NM914uunQUi1SYzH8cdA1GmsFit41Bo8DRYilpBEQt068iEALZCPtlwjTAp2Ai-lMShPWk-IPKEd6NygLustxJYjhcmHEFV-PtXfYaHk9qSQW1P6Ha5ivDHr6MSfzwXLQamGq8OEEpwkettiqF8Rf7NOCB0l6oQaHFkJ9u15LNG6U2B32xDd2FSvDlxOIi7bY0P7H8w889TbDVBdsmaM2Dy5jhV08tuPdyby9sSNhNOiyAskbFCdbX7nIz6BR0p8GfaV9sNhN0YBxXfbgJO-cbx3Nt9yOzb4AlTiQ&amp;__tn__=K-R\" target=\"_blank\" rel=\"noopener\">Alejandro Giammattei<\/a> a trav\u00e9s de la Ministra de Educaci\u00f3n, Claudia Ruiz Casasola giro instrucciones para que se le diera una pronta atenci\u00f3n a las necesidades a las comunidades m\u00e1s olvidadas del departamento y resultado a estas gestiones se logr\u00f3 la ampliaci\u00f3n de la escuela primaria de la Aldea Chinama, que muy pronto se realizara la entrega oficial de las instalaciones.<\/p>\n<p><a href=\"https:\/\/www.facebook.com\/hashtag\/guatemalanosedetiene?__eep__=6&amp;source=feed_text&amp;epa=HASHTAG&amp;__xts__%5B0%5D=68.ARCQtZy1hvyyGABK8NM914uunQUi1SYzH8cdA1GmsFit41Bo8DRYilpBEQt068iEALZCPtlwjTAp2Ai-lMShPWk-IPKEd6NygLustxJYjhcmHEFV-PtXfYaHk9qSQW1P6Ha5ivDHr6MSfzwXLQamGq8OEEpwkettiqF8Rf7NOCB0l6oQaHFkJ9u15LNG6U2B32xDd2FSvDlxOIi7bY0P7H8w889TbDVBdsmaM2Dy5jhV08tuPdyby9sSNhNOiyAskbFCdbX7nIz6BR0p8GfaV9sNhN0YBxXfbgJO-cbx3Nt9yOzb4AlTiQ&amp;__tn__=%2ANK-R\" target=\"_blank\" rel=\"noopener\" data-ft=\"{&quot;type&quot;:104,&quot;tn&quot;:&quot;*N&quot;}\"><span class=\"58cl\"><span aria-label=\"hashtag\"><span style=\"text-decoration: none; text-underline: none;\">#<\/span><\/span><\/span><span class=\"58cm\">GuatemalaNoSeDetiene<\/span><\/a><br \/>\n<a href=\"https:\/\/www.facebook.com\/hashtag\/juntossaldremosadelante?__eep__=6&amp;source=feed_text&amp;epa=HASHTAG&amp;__xts__%5B0%5D=68.ARCQtZy1hvyyGABK8NM914uunQUi1SYzH8cdA1GmsFit41Bo8DRYilpBEQt068iEALZCPtlwjTAp2Ai-lMShPWk-IPKEd6NygLustxJYjhcmHEFV-PtXfYaHk9qSQW1P6Ha5ivDHr6MSfzwXLQamGq8OEEpwkettiqF8Rf7NOCB0l6oQaHFkJ9u15LNG6U2B32xDd2FSvDlxOIi7bY0P7H8w889TbDVBdsmaM2Dy5jhV08tuPdyby9sSNhNOiyAskbFCdbX7nIz6BR0p8GfaV9sNhN0YBxXfbgJO-cbx3Nt9yOzb4AlTiQ&amp;__tn__=%2ANK-R\" target=\"_blank\" rel=\"noopener\" data-ft=\"{&quot;type&quot;:104,&quot;tn&quot;:&quot;*N&quot;}\"><span class=\"58cl\"><span aria-label=\"hashtag\"><span style=\"text-decoration: none; text-underline: none;\">#<\/span><\/span><\/span><span class=\"58cm\">JuntosSaldremosAdelante<\/span><\/a><br \/>\n<a href=\"https:\/\/www.facebook.com\/hashtag\/segeplan?__eep__=6&amp;source=feed_text&amp;epa=HASHTAG&amp;__xts__%5B0%5D=68.ARCQtZy1hvyyGABK8NM914uunQUi1SYzH8cdA1GmsFit41Bo8DRYilpBEQt068iEALZCPtlwjTAp2Ai-lMShPWk-IPKEd6NygLustxJYjhcmHEFV-PtXfYaHk9qSQW1P6Ha5ivDHr6MSfzwXLQamGq8OEEpwkettiqF8Rf7NOCB0l6oQaHFkJ9u15LNG6U2B32xDd2FSvDlxOIi7bY0P7H8w889TbDVBdsmaM2Dy5jhV08tuPdyby9sSNhNOiyAskbFCdbX7nIz6BR0p8GfaV9sNhN0YBxXfbgJO-cbx3Nt9yOzb4AlTiQ&amp;__tn__=%2ANK-R\" target=\"_blank\" rel=\"noopener\" data-ft=\"{&quot;type&quot;:104,&quot;tn&quot;:&quot;*N&quot;}\"><span class=\"58cl\"><span aria-label=\"hashtag\"><span style=\"text-decoration: none; text-underline: none;\">#<\/span><\/span><\/span><span class=\"58cm\">SEGEPLAN<\/span><\/a><\/p>\n<div><\/div>\n","protected":false},"excerpt":{"rendered":"<p>Muy pronto se realizara la entrega oficial de las instalaciones.<\/p>\n","protected":false},"author":1,"featured_media":11097,"comment_status":"closed","ping_status":"open","sticky":false,"template":"","format":"gallery","meta":[],"categories":[2],"tags":[178],"_links":{"self":[{"href":"https:\/\/gobernacionaltaverapaz.gob.gt\/index.php?rest_route=\/wp\/v2\/posts\/11092"}],"collection":[{"href":"https:\/\/gobernacionaltaverapaz.gob.gt\/index.php?rest_route=\/wp\/v2\/posts"}],"about":[{"href":"https:\/\/gobernacionaltaverapaz.gob.gt\/index.php?rest_route=\/wp\/v2\/types\/post"}],"author":[{"embeddable":true,"href":"https:\/\/gobernacionaltaverapaz.gob.gt\/index.php?rest_route=\/wp\/v2\/users\/1"}],"replies":[{"embeddable":true,"href":"https:\/\/gobernacionaltaverapaz.gob.gt\/index.php?rest_route=%2Fwp%2Fv2%2Fcomments&post=11092"}],"version-history":[{"count":3,"href":"https:\/\/gobernacionaltaverapaz.gob.gt\/index.php?rest_route=\/wp\/v2\/posts\/11092\/revisions"}],"predecessor-version":[{"id":11101,"href":"https:\/\/gobernacionaltaverapaz.gob.gt\/index.php?rest_route=\/wp\/v2\/posts\/11092\/revisions\/11101"}],"wp:featuredmedia":[{"embeddable":true,"href":"https:\/\/gobernacionaltaverapaz.gob.gt\/index.php?rest_route=\/wp\/v2\/media\/11097"}],"wp:attachment":[{"href":"https:\/\/gobernacionaltaverapaz.gob.gt\/index.php?rest_route=%2Fwp%2Fv2%2Fmedia&parent=11092"}],"wp:term":[{"taxonomy":"category","embeddable":true,"href":"https:\/\/gobernacionaltaverapaz.gob.gt\/index.php?rest_route=%2Fwp%2Fv2%2Fcategories&post=11092"},{"taxonomy":"post_tag","embeddable":true,"href":"https:\/\/gobernacionaltaverapaz.gob.gt\/index.php?rest_route=%2Fwp%2Fv2%2Ftags&post=11092"}],"curies":[{"name":"wp","href":"https:\/\/api.w.org\/{rel}","templated":true}]}}