{"id":11103,"date":"2021-06-15T16:12:21","date_gmt":"2021-06-15T22:12:21","guid":{"rendered":"https:\/\/gobernacionaltaverapaz.gob.gt\/?p=11103"},"modified":"2021-06-23T12:45:55","modified_gmt":"2021-06-23T18:45:55","slug":"inauguracin-de-taller-de-terapia-ocupacional-organizado-por-la-defensora-de-la-mujer-indgena-demi","status":"publish","type":"post","link":"https:\/\/gobernacionaltaverapaz.gob.gt\/?p=11103","title":{"rendered":"Inauguraci\u00f3n de taller de Terapia Ocupacional, organizado por la Defensor\u00eda de la Mujer Ind\u00edgena -DEMI-"},"content":{"rendered":"<p style=\"text-align: justify;\">El Se\u00f1or Gobernador Departamental, Romel Manuel Veliz Castro, dio acompa\u00f1amiento a la inauguraci\u00f3n del taller de terapia ocupacional, organizado por la defensor\u00eda de la mujer ind\u00edgena \u2013DEMI-, con apoyo de SOSEP Y ALFAGUAT, los Talleres de terapias ocupacionales se realizan con el fin de que los y las participantes adquieran los h\u00e1bitos laborales b\u00e1sicos, y adem\u00e1s, se benefi<span class=\"textexposedshow\">cian de programas y terapias espec\u00edficas.<\/span><\/p>\n<p style=\"text-align: justify;\">Existen organizaciones que se preocupan por la erradicaci\u00f3n de la violencia contra la mujer, y una de ellas es la Defensor\u00eda de la mujer Ind\u00edgena creada por medio del Acuerdo Gubernativo No. 525-99 cuyo objetivo principal es impulsar acciones para la promoci\u00f3n, defensa y pleno ejercicio de los Derechos de las Mujeres Ind\u00edgenas.<\/p>\n<p style=\"text-align: justify;\">El se\u00f1or Gobernador resalto la importancia de seguir promoviendo en las nuevas generaciones el arte de tejer. Y cuidar la producci\u00f3n de tejidos mayas, para que esta no se vulnerada a la modernidad y a la industrializaci\u00f3n ya que se le debe un gran valor cultural, as\u00ed mismo resalto que la agricultura, constituye uno de los pilares principales de la econom\u00eda en las comunidades y una fuente importante de trabajo para las mujeres, es por ello que motivo a los participantes a que se involucren en actividades de esta naturaleza, as\u00ed mismo se les recalco las medidas sanitarias sobre la aplicaci\u00f3n del protocolo del Covid-19, haciendo \u00e9nfasis en el incremente de casos y que sean participes en transmitir un mensaje a las comunidades para que acudan a los centros de vacunaci\u00f3n, al finalizar el discurso el se\u00f1or Gobernador obsequio un gal\u00f3n de alcohol en gel a cada participante.<\/p>\n<p><a href=\"https:\/\/www.facebook.com\/hashtag\/guatemalanosedetiene?__eep__=6&amp;source=feed_text&amp;epa=HASHTAG&amp;__xts__%5B0%5D=68.ARAZG9v8p_Ho6hm2Nge5bZnmmRztzLX44VNE8694W9eSCWZeCDhn52VATTeJqXEYUaC5e3X530f8M4ohfNTOazqSERL8TlKYLozxsznb-JpQPX5hUhSoZG5MNr6KNLyxvptGk6oY2j6lLeRvQ1y8TA-NQQAsJPOdhb7E4Xk_bCP91Xfcsp9h5hVNlJXgPHiTOriSFIjpgOUACbiTFonNxuR4xSeW_3Z6u_TB1fxRJEw1cx5FQOZ0VBE221mA3I7pXKcq4CDvo0k-M_qmNtEYAwUOzOycHebLNvAwkED9k72Hh7zTyls5wA&amp;__tn__=%2ANK-R\" target=\"_blank\" rel=\"noopener\" data-ft=\"{&quot;type&quot;:104,&quot;tn&quot;:&quot;*N&quot;}\"><span class=\"58cl\"><span aria-label=\"hashtag\"><span style=\"color: blue;\">#<\/span><\/span><\/span><span class=\"58cm\"><span style=\"color: blue;\">GuatemalaNoSeDetiene<\/span><\/span><\/a><br \/>\n<a href=\"https:\/\/www.facebook.com\/hashtag\/juntossaldremosadelante?__eep__=6&amp;source=feed_text&amp;epa=HASHTAG&amp;__xts__%5B0%5D=68.ARAZG9v8p_Ho6hm2Nge5bZnmmRztzLX44VNE8694W9eSCWZeCDhn52VATTeJqXEYUaC5e3X530f8M4ohfNTOazqSERL8TlKYLozxsznb-JpQPX5hUhSoZG5MNr6KNLyxvptGk6oY2j6lLeRvQ1y8TA-NQQAsJPOdhb7E4Xk_bCP91Xfcsp9h5hVNlJXgPHiTOriSFIjpgOUACbiTFonNxuR4xSeW_3Z6u_TB1fxRJEw1cx5FQOZ0VBE221mA3I7pXKcq4CDvo0k-M_qmNtEYAwUOzOycHebLNvAwkED9k72Hh7zTyls5wA&amp;__tn__=%2ANK-R\" target=\"_blank\" rel=\"noopener\" data-ft=\"{&quot;type&quot;:104,&quot;tn&quot;:&quot;*N&quot;}\"><span class=\"58cl\"><span aria-label=\"hashtag\"><span style=\"color: blue;\">#<\/span><\/span><\/span><span class=\"58cm\"><span style=\"color: blue;\">JuntosSaldremosAdelante<\/span><\/span><\/a><br \/>\n<a href=\"https:\/\/www.facebook.com\/hashtag\/defensoriademi?__eep__=6&amp;source=feed_text&amp;epa=HASHTAG&amp;__xts__%5B0%5D=68.ARAZG9v8p_Ho6hm2Nge5bZnmmRztzLX44VNE8694W9eSCWZeCDhn52VATTeJqXEYUaC5e3X530f8M4ohfNTOazqSERL8TlKYLozxsznb-JpQPX5hUhSoZG5MNr6KNLyxvptGk6oY2j6lLeRvQ1y8TA-NQQAsJPOdhb7E4Xk_bCP91Xfcsp9h5hVNlJXgPHiTOriSFIjpgOUACbiTFonNxuR4xSeW_3Z6u_TB1fxRJEw1cx5FQOZ0VBE221mA3I7pXKcq4CDvo0k-M_qmNtEYAwUOzOycHebLNvAwkED9k72Hh7zTyls5wA&amp;__tn__=%2ANK-R\" target=\"_blank\" rel=\"noopener\" data-ft=\"{&quot;type&quot;:104,&quot;tn&quot;:&quot;*N&quot;}\"><span class=\"58cl\"><span aria-label=\"hashtag\"><span style=\"color: blue;\">#<\/span><\/span><\/span><span class=\"58cm\"><span style=\"color: blue;\">DefensoriaDemi<\/span><\/span><\/a><\/p>\n<div><\/div>\n","protected":false},"excerpt":{"rendered":"<p>As\u00ed mismo se les recalco las medidas sanitarias sobre la aplicaci\u00f3n del protocolo del Covid-19<\/p>\n","protected":false},"author":1,"featured_media":11106,"comment_status":"closed","ping_status":"open","sticky":false,"template":"","format":"gallery","meta":[],"categories":[197],"tags":[178],"_links":{"self":[{"href":"https:\/\/gobernacionaltaverapaz.gob.gt\/index.php?rest_route=\/wp\/v2\/posts\/11103"}],"collection":[{"href":"https:\/\/gobernacionaltaverapaz.gob.gt\/index.php?rest_route=\/wp\/v2\/posts"}],"about":[{"href":"https:\/\/gobernacionaltaverapaz.gob.gt\/index.php?rest_route=\/wp\/v2\/types\/post"}],"author":[{"embeddable":true,"href":"https:\/\/gobernacionaltaverapaz.gob.gt\/index.php?rest_route=\/wp\/v2\/users\/1"}],"replies":[{"embeddable":true,"href":"https:\/\/gobernacionaltaverapaz.gob.gt\/index.php?rest_route=%2Fwp%2Fv2%2Fcomments&post=11103"}],"version-history":[{"count":3,"href":"https:\/\/gobernacionaltaverapaz.gob.gt\/index.php?rest_route=\/wp\/v2\/posts\/11103\/revisions"}],"predecessor-version":[{"id":11115,"href":"https:\/\/gobernacionaltaverapaz.gob.gt\/index.php?rest_route=\/wp\/v2\/posts\/11103\/revisions\/11115"}],"wp:featuredmedia":[{"embeddable":true,"href":"https:\/\/gobernacionaltaverapaz.gob.gt\/index.php?rest_route=\/wp\/v2\/media\/11106"}],"wp:attachment":[{"href":"https:\/\/gobernacionaltaverapaz.gob.gt\/index.php?rest_route=%2Fwp%2Fv2%2Fmedia&parent=11103"}],"wp:term":[{"taxonomy":"category","embeddable":true,"href":"https:\/\/gobernacionaltaverapaz.gob.gt\/index.php?rest_route=%2Fwp%2Fv2%2Fcategories&post=11103"},{"taxonomy":"post_tag","embeddable":true,"href":"https:\/\/gobernacionaltaverapaz.gob.gt\/index.php?rest_route=%2Fwp%2Fv2%2Ftags&post=11103"}],"curies":[{"name":"wp","href":"https:\/\/api.w.org\/{rel}","templated":true}]}}