{"id":11116,"date":"2021-06-16T10:20:37","date_gmt":"2021-06-16T16:20:37","guid":{"rendered":"https:\/\/gobernacionaltaverapaz.gob.gt\/?p=11116"},"modified":"2021-06-23T11:28:51","modified_gmt":"2021-06-23T17:28:51","slug":"inauguracin-entrega-oficial-de-la-ampliacin-escuela-primaria-aldea-chinama-lanqun-alta-verapaz","status":"publish","type":"post","link":"https:\/\/gobernacionaltaverapaz.gob.gt\/?p=11116","title":{"rendered":"Inauguraci\u00f3n y entrega oficial de la ampliaci\u00f3n escuela primaria Aldea Chinama, lanqu\u00edn, Alta Verapaz"},"content":{"rendered":"<p style=\"text-align: justify;\">Reiterando el compromiso del Se\u00f1or Presidente de la Rep\u00fablica, <a href=\"https:\/\/www.facebook.com\/AlejandroGiammattei\/?fref=mentions&amp;__xts__%5B0%5D=68.ARCG1K8B1_nDWahiHYpTOW3j6s4hMUVherP2xsy9hwCTo9bS4Hp2wkPILkkAwhsAMQciIvRbo7WFuod_2gQo968FqEHLC53IO8cWDIwNziQXnitsvTm-9gWRluQwvi7EBa5jGFbymSX7IFjBtND8AamlLPoPr5e0C9Ez2RLryaUeKYKgHusl6mHAfL_xBUHruK2AUhq0fxyO7RMhamIXlZQmQWz4cMxsiX2lrIl9fqw7X7wcXi1kQJcPDWWW-xiBQ4Y9U-KJW1b4kMBsNCGkfg6JPAw8f0T91Tw41HLLXv6Xtmamaf73Ug&amp;__tn__=K-R\" target=\"_blank\" rel=\"noopener\">Alejandro Giammattei<\/a>, para brindar una educaci\u00f3n integral a la ni\u00f1ez y adolescencia, el Se\u00f1or Gobernador Departamental, Romel Manuel Veliz Castro, acompa\u00f1ado del Se\u00f1or Alcalde Municipal, Roberto Pop Mo, acompa\u00f1ado de su honorable concejo municipal realizaron la entrega oficial de la ampliaci\u00f3n de la escuela prima<span class=\"textexposedshow\">ria, aldea chinama, la cual consiste en; Modulo de aulas, m\u00f3dulo de letrinas con deposito agua de lluvia, mobiliario y equipamiento, medidas de mitigaci\u00f3n ambiental y combos de juegos infantiles. <\/span><\/p>\n<p style=\"text-align: justify;\">LA Aldea Chinama, pertenece a la Microrregi\u00f3n II Chinama del Municipio de Lanqu\u00edn, del Departamento de Alta Verapaz cuenta con 152 viviendas en condiciones irregulares para vivir; La Aldea actualmente cuenta con instalaciones de la escuela Pre Primaria y Primaria por el crecimiento poblacional estudiantil ya no llenaba los requisitos pedag\u00f3gicos, se utilizaban galeras construidas por los mismos comunitarios por el aumento de n\u00famero de alumnos que actualmente se atiende 251 estudiantes, y de los 251 estudiantes 52 se ven afectados porque a ellos se les impart\u00eda clases en una galera construida por la comunidad, cuya instalaciones no era la adecuada para dicha funci\u00f3n, con estas nuevas instalaciones los padres de familias podr\u00e1n enviar a estudiar a sus hijos en instalaciones adecuadas que permitan que el proceso de ense\u00f1anza-aprendizaje sea efectivo y en un ambiente adecuado y efectivo. Con la ejecuci\u00f3n de este proyecto se estar\u00e1\u0301 contribuyendo al desarrollo educativo.<\/p>\n<p><a href=\"https:\/\/www.facebook.com\/hashtag\/guatemalanosedetiene?__eep__=6&amp;source=feed_text&amp;epa=HASHTAG&amp;__xts__%5B0%5D=68.ARCG1K8B1_nDWahiHYpTOW3j6s4hMUVherP2xsy9hwCTo9bS4Hp2wkPILkkAwhsAMQciIvRbo7WFuod_2gQo968FqEHLC53IO8cWDIwNziQXnitsvTm-9gWRluQwvi7EBa5jGFbymSX7IFjBtND8AamlLPoPr5e0C9Ez2RLryaUeKYKgHusl6mHAfL_xBUHruK2AUhq0fxyO7RMhamIXlZQmQWz4cMxsiX2lrIl9fqw7X7wcXi1kQJcPDWWW-xiBQ4Y9U-KJW1b4kMBsNCGkfg6JPAw8f0T91Tw41HLLXv6Xtmamaf73Ug&amp;__tn__=%2ANK-R\" target=\"_blank\" rel=\"noopener\" data-ft=\"{&quot;type&quot;:104,&quot;tn&quot;:&quot;*N&quot;}\"><span class=\"58cl\"><span aria-label=\"hashtag\"><span style=\"text-decoration: none; text-underline: none;\">#<\/span><\/span><\/span><span class=\"58cm\">GuatemalaNoSeDetiene<\/span><\/a><br \/>\n<a href=\"https:\/\/www.facebook.com\/hashtag\/juntossaldremosadelante?__eep__=6&amp;source=feed_text&amp;epa=HASHTAG&amp;__xts__%5B0%5D=68.ARCG1K8B1_nDWahiHYpTOW3j6s4hMUVherP2xsy9hwCTo9bS4Hp2wkPILkkAwhsAMQciIvRbo7WFuod_2gQo968FqEHLC53IO8cWDIwNziQXnitsvTm-9gWRluQwvi7EBa5jGFbymSX7IFjBtND8AamlLPoPr5e0C9Ez2RLryaUeKYKgHusl6mHAfL_xBUHruK2AUhq0fxyO7RMhamIXlZQmQWz4cMxsiX2lrIl9fqw7X7wcXi1kQJcPDWWW-xiBQ4Y9U-KJW1b4kMBsNCGkfg6JPAw8f0T91Tw41HLLXv6Xtmamaf73Ug&amp;__tn__=%2ANK-R\" target=\"_blank\" rel=\"noopener\" data-ft=\"{&quot;type&quot;:104,&quot;tn&quot;:&quot;*N&quot;}\"><span class=\"58cl\"><span aria-label=\"hashtag\"><span style=\"text-decoration: none; text-underline: none;\">#<\/span><\/span><\/span><span class=\"58cm\">JuntosSaldremosAdelante<\/span><\/a><br \/>\n<a href=\"https:\/\/www.facebook.com\/hashtag\/segeplan?__eep__=6&amp;source=feed_text&amp;epa=HASHTAG&amp;__xts__%5B0%5D=68.ARCG1K8B1_nDWahiHYpTOW3j6s4hMUVherP2xsy9hwCTo9bS4Hp2wkPILkkAwhsAMQciIvRbo7WFuod_2gQo968FqEHLC53IO8cWDIwNziQXnitsvTm-9gWRluQwvi7EBa5jGFbymSX7IFjBtND8AamlLPoPr5e0C9Ez2RLryaUeKYKgHusl6mHAfL_xBUHruK2AUhq0fxyO7RMhamIXlZQmQWz4cMxsiX2lrIl9fqw7X7wcXi1kQJcPDWWW-xiBQ4Y9U-KJW1b4kMBsNCGkfg6JPAw8f0T91Tw41HLLXv6Xtmamaf73Ug&amp;__tn__=%2ANK-R\" target=\"_blank\" rel=\"noopener\" data-ft=\"{&quot;type&quot;:104,&quot;tn&quot;:&quot;*N&quot;}\"><span class=\"58cl\"><span aria-label=\"hashtag\"><span style=\"text-decoration: none; text-underline: none;\">#<\/span><\/span><\/span><span class=\"58cm\">SEGEPLAN<\/span><\/a><br \/>\n<a href=\"https:\/\/www.facebook.com\/hashtag\/scepesdesarrollo?__eep__=6&amp;source=feed_text&amp;epa=HASHTAG&amp;__xts__%5B0%5D=68.ARCG1K8B1_nDWahiHYpTOW3j6s4hMUVherP2xsy9hwCTo9bS4Hp2wkPILkkAwhsAMQciIvRbo7WFuod_2gQo968FqEHLC53IO8cWDIwNziQXnitsvTm-9gWRluQwvi7EBa5jGFbymSX7IFjBtND8AamlLPoPr5e0C9Ez2RLryaUeKYKgHusl6mHAfL_xBUHruK2AUhq0fxyO7RMhamIXlZQmQWz4cMxsiX2lrIl9fqw7X7wcXi1kQJcPDWWW-xiBQ4Y9U-KJW1b4kMBsNCGkfg6JPAw8f0T91Tw41HLLXv6Xtmamaf73Ug&amp;__tn__=%2ANK-R\" target=\"_blank\" rel=\"noopener\" data-ft=\"{&quot;type&quot;:104,&quot;tn&quot;:&quot;*N&quot;}\"><span class=\"58cl\"><span aria-label=\"hashtag\"><span style=\"text-decoration: none; text-underline: none;\">#<\/span><\/span><\/span><span class=\"58cm\">SCEPesDesarrollo<\/span><\/a><\/p>\n<div><\/div>\n","protected":false},"excerpt":{"rendered":"<p>Para brindar una educaci\u00f3n integral a la ni\u00f1ez y adolescencia.<\/p>\n","protected":false},"author":1,"featured_media":11118,"comment_status":"closed","ping_status":"open","sticky":false,"template":"","format":"gallery","meta":[],"categories":[2],"tags":[178],"_links":{"self":[{"href":"https:\/\/gobernacionaltaverapaz.gob.gt\/index.php?rest_route=\/wp\/v2\/posts\/11116"}],"collection":[{"href":"https:\/\/gobernacionaltaverapaz.gob.gt\/index.php?rest_route=\/wp\/v2\/posts"}],"about":[{"href":"https:\/\/gobernacionaltaverapaz.gob.gt\/index.php?rest_route=\/wp\/v2\/types\/post"}],"author":[{"embeddable":true,"href":"https:\/\/gobernacionaltaverapaz.gob.gt\/index.php?rest_route=\/wp\/v2\/users\/1"}],"replies":[{"embeddable":true,"href":"https:\/\/gobernacionaltaverapaz.gob.gt\/index.php?rest_route=%2Fwp%2Fv2%2Fcomments&post=11116"}],"version-history":[{"count":3,"href":"https:\/\/gobernacionaltaverapaz.gob.gt\/index.php?rest_route=\/wp\/v2\/posts\/11116\/revisions"}],"predecessor-version":[{"id":11130,"href":"https:\/\/gobernacionaltaverapaz.gob.gt\/index.php?rest_route=\/wp\/v2\/posts\/11116\/revisions\/11130"}],"wp:featuredmedia":[{"embeddable":true,"href":"https:\/\/gobernacionaltaverapaz.gob.gt\/index.php?rest_route=\/wp\/v2\/media\/11118"}],"wp:attachment":[{"href":"https:\/\/gobernacionaltaverapaz.gob.gt\/index.php?rest_route=%2Fwp%2Fv2%2Fmedia&parent=11116"}],"wp:term":[{"taxonomy":"category","embeddable":true,"href":"https:\/\/gobernacionaltaverapaz.gob.gt\/index.php?rest_route=%2Fwp%2Fv2%2Fcategories&post=11116"},{"taxonomy":"post_tag","embeddable":true,"href":"https:\/\/gobernacionaltaverapaz.gob.gt\/index.php?rest_route=%2Fwp%2Fv2%2Ftags&post=11116"}],"curies":[{"name":"wp","href":"https:\/\/api.w.org\/{rel}","templated":true}]}}