{"id":11131,"date":"2021-06-16T21:06:02","date_gmt":"2021-06-17T03:06:02","guid":{"rendered":"https:\/\/gobernacionaltaverapaz.gob.gt\/?p=11131"},"modified":"2021-06-23T12:46:21","modified_gmt":"2021-06-23T18:46:21","slug":"firma-de-convenios-de-ejecucin-de-obras","status":"publish","type":"post","link":"https:\/\/gobernacionaltaverapaz.gob.gt\/?p=11131","title":{"rendered":"Firma de convenios de ejecuci\u00f3n de obras"},"content":{"rendered":"<p style=\"text-align: justify;\">Parte de los compromiso del Se\u00f1or Presidente de la Rep\u00fablica, <a href=\"https:\/\/www.facebook.com\/AlejandroGiammattei\/?fref=mentions&amp;__xts__%5B0%5D=68.ARDa3Nki7ETP2OOx7_4wGi266lVuWBp81wE5aJWlXHgI7oF6RHBZvXVgzeiQuSDezHO2itWybuJZ121QXzHiTAq-zjyHStYJhqi_c23jki9Qh1J7v9J0rhg-5xg592owIG3NSTmgc81lpKwm-evD36JKEvGqIH7V5Gz1sxYtPwwqn6DQYGzq0mRPP_ZKuT1lDfsIDne4Pw59dUracA59HjOE7bCxHFdc7dRZtwIA3sycD_J5bFTSPpS5T3FksGsrazoi16BCnO4DKK5Gvw7MMCKZcSXIvdzri6Qi-9FjxK77G2low0SutQ&amp;__tn__=K-R\" target=\"_blank\" rel=\"noopener\">Alejandro Giammattei<\/a>, es llevar desarrollo a cada uno de los municipios del departamento de Alta Verapaz, es por ello que el Se\u00f1or Gobernador Departamental, Romel Manuel Veliz Castro, en su calidad de Presidente y Coordinador del Consejo Departamental de Desarrollo -CODEDE-, acompa\u00f1ado del Se\u00f1or Alcalde Municipal, Arnoldo Fontana H\u00e9rcules, y el Director Ejecutivo del CODEDE Lic. Oscar Mois\u00e9s Ju\u00e1rez, firmaron 8 con<span class=\"textexposedshow\">venios de ejecuci\u00f3n de obras. <\/span><\/p>\n<p style=\"text-align: justify;\">Los proyectos a ejecutar son los siguientes:<\/p>\n<ol>\n<li style=\"text-align: justify;\">Construcci\u00f3n Instituto B\u00e1sico, Aldea Tuila.<\/li>\n<li style=\"text-align: justify;\">Construcci\u00f3n Centro Comunitario De Salud, Aldea Poza del Danto.<\/li>\n<li style=\"text-align: justify;\">Mejoramiento Puente Vehicular sobre Rio Yaxha, Aldea Yaxha.<\/li>\n<li style=\"text-align: justify;\">Mejoramiento Escuela Primaria Biling\u00fce Caser\u00edo Caquitul.<\/li>\n<li style=\"text-align: justify;\">Construcci\u00f3n Centro Comunitario de Salud, Aldea San Jos\u00e9 Quebrada Seca.<\/li>\n<li style=\"text-align: justify;\">Mejoramiento Calle, Caser\u00edo Secolay I.<\/li>\n<li style=\"text-align: justify;\">Mejoramiento Calle Rural, Aldea Maguila.<\/li>\n<li style=\"text-align: justify;\">Mejoramiento Calle Rural, Aldea el Rosalito.<\/li>\n<\/ol>\n<p style=\"text-align: justify;\">En este gobierno la prioridad es agilizar los procesos para la formulaci\u00f3n y aprobaci\u00f3n de expedientes, de la misma manera se les solicita a los alcaldes ejecutar las obras al 100% y as\u00ed evitar obras de arrastres para el siguiente a\u00f1o.<\/p>\n<p><a href=\"https:\/\/www.facebook.com\/hashtag\/guatemalanosedetiene?__eep__=6&amp;source=feed_text&amp;epa=HASHTAG&amp;__xts__%5B0%5D=68.ARDa3Nki7ETP2OOx7_4wGi266lVuWBp81wE5aJWlXHgI7oF6RHBZvXVgzeiQuSDezHO2itWybuJZ121QXzHiTAq-zjyHStYJhqi_c23jki9Qh1J7v9J0rhg-5xg592owIG3NSTmgc81lpKwm-evD36JKEvGqIH7V5Gz1sxYtPwwqn6DQYGzq0mRPP_ZKuT1lDfsIDne4Pw59dUracA59HjOE7bCxHFdc7dRZtwIA3sycD_J5bFTSPpS5T3FksGsrazoi16BCnO4DKK5Gvw7MMCKZcSXIvdzri6Qi-9FjxK77G2low0SutQ&amp;__tn__=%2ANK-R\" target=\"_blank\" rel=\"noopener\" data-ft=\"{&quot;type&quot;:104,&quot;tn&quot;:&quot;*N&quot;}\"><span class=\"58cl\"><span aria-label=\"hashtag\"><span style=\"text-decoration: none; text-underline: none;\">#<\/span><\/span><\/span><span class=\"58cm\">GuatemalaNoSeDetiene<\/span><\/a><br \/>\n<a href=\"https:\/\/www.facebook.com\/hashtag\/juntossaldremosadelante?__eep__=6&amp;source=feed_text&amp;epa=HASHTAG&amp;__xts__%5B0%5D=68.ARDa3Nki7ETP2OOx7_4wGi266lVuWBp81wE5aJWlXHgI7oF6RHBZvXVgzeiQuSDezHO2itWybuJZ121QXzHiTAq-zjyHStYJhqi_c23jki9Qh1J7v9J0rhg-5xg592owIG3NSTmgc81lpKwm-evD36JKEvGqIH7V5Gz1sxYtPwwqn6DQYGzq0mRPP_ZKuT1lDfsIDne4Pw59dUracA59HjOE7bCxHFdc7dRZtwIA3sycD_J5bFTSPpS5T3FksGsrazoi16BCnO4DKK5Gvw7MMCKZcSXIvdzri6Qi-9FjxK77G2low0SutQ&amp;__tn__=%2ANK-R\" target=\"_blank\" rel=\"noopener\" data-ft=\"{&quot;type&quot;:104,&quot;tn&quot;:&quot;*N&quot;}\"><span class=\"58cl\"><span aria-label=\"hashtag\"><span style=\"text-decoration: none; text-underline: none;\">#<\/span><\/span><\/span><span class=\"58cm\">JuntosSaldremosAdelante<\/span><\/a><br \/>\n<a href=\"https:\/\/www.facebook.com\/hashtag\/segeplan?__eep__=6&amp;source=feed_text&amp;epa=HASHTAG&amp;__xts__%5B0%5D=68.ARDa3Nki7ETP2OOx7_4wGi266lVuWBp81wE5aJWlXHgI7oF6RHBZvXVgzeiQuSDezHO2itWybuJZ121QXzHiTAq-zjyHStYJhqi_c23jki9Qh1J7v9J0rhg-5xg592owIG3NSTmgc81lpKwm-evD36JKEvGqIH7V5Gz1sxYtPwwqn6DQYGzq0mRPP_ZKuT1lDfsIDne4Pw59dUracA59HjOE7bCxHFdc7dRZtwIA3sycD_J5bFTSPpS5T3FksGsrazoi16BCnO4DKK5Gvw7MMCKZcSXIvdzri6Qi-9FjxK77G2low0SutQ&amp;__tn__=%2ANK-R\" target=\"_blank\" rel=\"noopener\" data-ft=\"{&quot;type&quot;:104,&quot;tn&quot;:&quot;*N&quot;}\"><span class=\"58cl\"><span aria-label=\"hashtag\"><span style=\"text-decoration: none; text-underline: none;\">#<\/span><\/span><\/span><span class=\"58cm\">SEGEPLAN<\/span><\/a><br \/>\n<a href=\"https:\/\/www.facebook.com\/hashtag\/scepesdesarrollo?__eep__=6&amp;source=feed_text&amp;epa=HASHTAG&amp;__xts__%5B0%5D=68.ARDa3Nki7ETP2OOx7_4wGi266lVuWBp81wE5aJWlXHgI7oF6RHBZvXVgzeiQuSDezHO2itWybuJZ121QXzHiTAq-zjyHStYJhqi_c23jki9Qh1J7v9J0rhg-5xg592owIG3NSTmgc81lpKwm-evD36JKEvGqIH7V5Gz1sxYtPwwqn6DQYGzq0mRPP_ZKuT1lDfsIDne4Pw59dUracA59HjOE7bCxHFdc7dRZtwIA3sycD_J5bFTSPpS5T3FksGsrazoi16BCnO4DKK5Gvw7MMCKZcSXIvdzri6Qi-9FjxK77G2low0SutQ&amp;__tn__=%2ANK-R\" target=\"_blank\" rel=\"noopener\" data-ft=\"{&quot;type&quot;:104,&quot;tn&quot;:&quot;*N&quot;}\"><span class=\"58cl\"><span aria-label=\"hashtag\"><span style=\"text-decoration: none; text-underline: none;\">#<\/span><\/span><\/span><span class=\"58cm\">SCEPesDesarrollo<\/span><\/a><\/p>\n<div><\/div>\n","protected":false},"excerpt":{"rendered":"<p>Parte de los compromiso del Se\u00f1or Presidente de la Rep\u00fablica, Alejandro Giammattei, es llevar desarrollo a cada uno de los municipios del departamento de Alta Verapaz, es por ello que el Se\u00f1or Gobernador Departamental, Romel Manuel Veliz Castro, en su calidad de Presidente y Coordinador del Consejo Departamental de Desarrollo -CODEDE-, acompa\u00f1ado del Se\u00f1or Alcalde [&hellip;]<\/p>\n","protected":false},"author":1,"featured_media":11132,"comment_status":"closed","ping_status":"open","sticky":false,"template":"","format":"gallery","meta":[],"categories":[183],"tags":[178],"_links":{"self":[{"href":"https:\/\/gobernacionaltaverapaz.gob.gt\/index.php?rest_route=\/wp\/v2\/posts\/11131"}],"collection":[{"href":"https:\/\/gobernacionaltaverapaz.gob.gt\/index.php?rest_route=\/wp\/v2\/posts"}],"about":[{"href":"https:\/\/gobernacionaltaverapaz.gob.gt\/index.php?rest_route=\/wp\/v2\/types\/post"}],"author":[{"embeddable":true,"href":"https:\/\/gobernacionaltaverapaz.gob.gt\/index.php?rest_route=\/wp\/v2\/users\/1"}],"replies":[{"embeddable":true,"href":"https:\/\/gobernacionaltaverapaz.gob.gt\/index.php?rest_route=%2Fwp%2Fv2%2Fcomments&post=11131"}],"version-history":[{"count":2,"href":"https:\/\/gobernacionaltaverapaz.gob.gt\/index.php?rest_route=\/wp\/v2\/posts\/11131\/revisions"}],"predecessor-version":[{"id":11139,"href":"https:\/\/gobernacionaltaverapaz.gob.gt\/index.php?rest_route=\/wp\/v2\/posts\/11131\/revisions\/11139"}],"wp:featuredmedia":[{"embeddable":true,"href":"https:\/\/gobernacionaltaverapaz.gob.gt\/index.php?rest_route=\/wp\/v2\/media\/11132"}],"wp:attachment":[{"href":"https:\/\/gobernacionaltaverapaz.gob.gt\/index.php?rest_route=%2Fwp%2Fv2%2Fmedia&parent=11131"}],"wp:term":[{"taxonomy":"category","embeddable":true,"href":"https:\/\/gobernacionaltaverapaz.gob.gt\/index.php?rest_route=%2Fwp%2Fv2%2Fcategories&post=11131"},{"taxonomy":"post_tag","embeddable":true,"href":"https:\/\/gobernacionaltaverapaz.gob.gt\/index.php?rest_route=%2Fwp%2Fv2%2Ftags&post=11131"}],"curies":[{"name":"wp","href":"https:\/\/api.w.org\/{rel}","templated":true}]}}